{"id":1909,"date":"2014-08-23T19:17:57","date_gmt":"2014-08-23T16:17:57","guid":{"rendered":"http:\/\/www.ulkoilutankameraa.fi\/blog\/?p=1909"},"modified":"2014-08-23T19:17:57","modified_gmt":"2014-08-23T16:17:57","slug":"motocross","status":"publish","type":"post","link":"https:\/\/www.ulkoilutankameraa.fi\/blog\/?p=1909","title":{"rendered":"Motocross"},"content":{"rendered":"<p>T\u00e4n\u00e4\u00e4n ajettiin Salossa MX1-luokan sm-osakilpailu. Pelk\u00e4ksi r\u00e4psyttelyksi on mennyt kuvaaminen. Ei mit\u00e4\u00e4n suunnitelmaa, varakamera k\u00e4yt\u00f6ss\u00e4, henkinen lukko p\u00e4\u00e4ll\u00e4 ensimm\u00e4isest\u00e4 ruudusta l\u00e4htien. Ajan ja rahan haaskausta. Onneksi alkoi sataa niin p\u00e4\u00e4si pois.<\/p>\n<p>Ensi kuussa syystrial, sinne paremmalla motivaatiolla ja suunnitelmalla.<\/p>\n<p><a href=\"http:\/\/www.ulkoilutankameraa.fi\/blog\/wp-content\/uploads\/2014\/08\/P8234994.jpg\"><img loading=\"lazy\" decoding=\"async\" class=\"alignleft size-full wp-image-1908\" src=\"http:\/\/www.ulkoilutankameraa.fi\/blog\/wp-content\/uploads\/2014\/08\/P8234994.jpg\" alt=\"OLYMPUS DIGITAL CAMERA\" width=\"1024\" height=\"768\" srcset=\"https:\/\/www.ulkoilutankameraa.fi\/blog\/wp-content\/uploads\/2014\/08\/P8234994.jpg 1024w, https:\/\/www.ulkoilutankameraa.fi\/blog\/wp-content\/uploads\/2014\/08\/P8234994-150x112.jpg 150w, https:\/\/www.ulkoilutankameraa.fi\/blog\/wp-content\/uploads\/2014\/08\/P8234994-325x243.jpg 325w, https:\/\/www.ulkoilutankameraa.fi\/blog\/wp-content\/uploads\/2014\/08\/P8234994-650x487.jpg 650w, https:\/\/www.ulkoilutankameraa.fi\/blog\/wp-content\/uploads\/2014\/08\/P8234994-904x678.jpg 904w\" sizes=\"auto, (max-width: 1024px) 100vw, 1024px\" \/><br \/>\n<\/a><\/p>\n","protected":false},"excerpt":{"rendered":"<p>T\u00e4n\u00e4\u00e4n ajettiin Salossa MX1-luokan sm-osakilpailu. Pelk\u00e4ksi r\u00e4psyttelyksi on mennyt kuvaaminen. Ei mit\u00e4\u00e4n suunnitelmaa, varakamera k\u00e4yt\u00f6ss\u00e4, henkinen lukko p\u00e4\u00e4ll\u00e4 ensimm\u00e4isest\u00e4 ruudusta l\u00e4htien. Ajan ja rahan haaskausta. Onneksi alkoi sataa niin p\u00e4\u00e4si pois. Ensi kuussa syystrial, sinne paremmalla motivaatiolla ja suunnitelmalla.<\/p>\n","protected":false},"author":1,"featured_media":0,"comment_status":"open","ping_status":"open","sticky":false,"template":"","format":"standard","meta":{"footnotes":""},"categories":[1],"tags":[54,55,17,26],"class_list":["post-1909","post","type-post","status-publish","format-standard","hentry","category-uncategorized","tag-moottoripyorat","tag-motorcycle","tag-salo","tag-tapahtumat","content-columns-1"],"_links":{"self":[{"href":"https:\/\/www.ulkoilutankameraa.fi\/blog\/index.php?rest_route=\/wp\/v2\/posts\/1909","targetHints":{"allow":["GET"]}}],"collection":[{"href":"https:\/\/www.ulkoilutankameraa.fi\/blog\/index.php?rest_route=\/wp\/v2\/posts"}],"about":[{"href":"https:\/\/www.ulkoilutankameraa.fi\/blog\/index.php?rest_route=\/wp\/v2\/types\/post"}],"author":[{"embeddable":true,"href":"https:\/\/www.ulkoilutankameraa.fi\/blog\/index.php?rest_route=\/wp\/v2\/users\/1"}],"replies":[{"embeddable":true,"href":"https:\/\/www.ulkoilutankameraa.fi\/blog\/index.php?rest_route=%2Fwp%2Fv2%2Fcomments&post=1909"}],"version-history":[{"count":1,"href":"https:\/\/www.ulkoilutankameraa.fi\/blog\/index.php?rest_route=\/wp\/v2\/posts\/1909\/revisions"}],"predecessor-version":[{"id":1910,"href":"https:\/\/www.ulkoilutankameraa.fi\/blog\/index.php?rest_route=\/wp\/v2\/posts\/1909\/revisions\/1910"}],"wp:attachment":[{"href":"https:\/\/www.ulkoilutankameraa.fi\/blog\/index.php?rest_route=%2Fwp%2Fv2%2Fmedia&parent=1909"}],"wp:term":[{"taxonomy":"category","embeddable":true,"href":"https:\/\/www.ulkoilutankameraa.fi\/blog\/index.php?rest_route=%2Fwp%2Fv2%2Fcategories&post=1909"},{"taxonomy":"post_tag","embeddable":true,"href":"https:\/\/www.ulkoilutankameraa.fi\/blog\/index.php?rest_route=%2Fwp%2Fv2%2Ftags&post=1909"}],"curies":[{"name":"wp","href":"https:\/\/api.w.org\/{rel}","templated":true}]}}