{"id":2633,"date":"2015-07-19T17:42:51","date_gmt":"2015-07-19T14:42:51","guid":{"rendered":"http:\/\/www.ulkoilutankameraa.fi\/blog\/?p=2633"},"modified":"2015-07-19T18:40:12","modified_gmt":"2015-07-19T15:40:12","slug":"bella-italia-2015","status":"publish","type":"post","link":"https:\/\/www.ulkoilutankameraa.fi\/blog\/?p=2633","title":{"rendered":"Bella Italia 2015"},"content":{"rendered":"<p>Vuotuinen k\u00e4yntikohde. Vaikka eip\u00e4 se tapahtuma itsess\u00e4\u00e4n ole juurikaan muuttunut niin\u00e4 vuosina kun itse olen k\u00e4ynyt. Saman n\u00e4k\u00f6isi\u00e4 autoja samoilla paikoilla. Joukosta erottui t\u00e4ll\u00e4 kertaa Alfa Romeo AR51 Matta vuodelta -52. Pr\u00e4tkist\u00e4 v\u00e4hemm\u00e4n n\u00e4hty oli Aprilia Moto 65, suunnittelija Philippe Starck. En ole vuosiin ottanut n\u00e4ist\u00e4 kuvia kun netist\u00e4 l\u00f6ytyy niin paljon parempia. Harmi kun Moto-Guzzin uusi California on niin iso ja kurja kun ei kukaan nyt osta sit\u00e4 meitin m\u00f6kki\u00e4. Vanhat Californiat on kohta niin ajettuja ja vanhoja, etten sellaiseen ryhdy.<\/p>\n<p>Ensi vuonna varmaan uudelleen ja nyt matka jatkuu H\u00e4meenlinnaan.<\/p>\n<p><a href=\"http:\/\/www.ulkoilutankameraa.fi\/blog\/wp-content\/uploads\/2015\/07\/7180559.jpg\"><img loading=\"lazy\" decoding=\"async\" class=\"size-full wp-image-2632\" src=\"http:\/\/www.ulkoilutankameraa.fi\/blog\/wp-content\/uploads\/2015\/07\/7180559.jpg\" alt=\"OLYMPUS DIGITAL CAMERA\" width=\"1024\" height=\"768\" srcset=\"https:\/\/www.ulkoilutankameraa.fi\/blog\/wp-content\/uploads\/2015\/07\/7180559.jpg 1024w, https:\/\/www.ulkoilutankameraa.fi\/blog\/wp-content\/uploads\/2015\/07\/7180559-150x113.jpg 150w, https:\/\/www.ulkoilutankameraa.fi\/blog\/wp-content\/uploads\/2015\/07\/7180559-325x244.jpg 325w, https:\/\/www.ulkoilutankameraa.fi\/blog\/wp-content\/uploads\/2015\/07\/7180559-650x488.jpg 650w, https:\/\/www.ulkoilutankameraa.fi\/blog\/wp-content\/uploads\/2015\/07\/7180559-904x678.jpg 904w\" sizes=\"auto, (max-width: 1024px) 100vw, 1024px\" \/><\/a><\/p>\n<p><a href=\"http:\/\/www.ulkoilutankameraa.fi\/blog\/wp-content\/uploads\/2015\/07\/7180556.jpg\"><img loading=\"lazy\" decoding=\"async\" class=\"size-full wp-image-2631\" src=\"http:\/\/www.ulkoilutankameraa.fi\/blog\/wp-content\/uploads\/2015\/07\/7180556.jpg\" alt=\"OLYMPUS DIGITAL CAMERA\" width=\"1024\" height=\"768\" srcset=\"https:\/\/www.ulkoilutankameraa.fi\/blog\/wp-content\/uploads\/2015\/07\/7180556.jpg 1024w, https:\/\/www.ulkoilutankameraa.fi\/blog\/wp-content\/uploads\/2015\/07\/7180556-150x113.jpg 150w, https:\/\/www.ulkoilutankameraa.fi\/blog\/wp-content\/uploads\/2015\/07\/7180556-325x244.jpg 325w, https:\/\/www.ulkoilutankameraa.fi\/blog\/wp-content\/uploads\/2015\/07\/7180556-650x488.jpg 650w, https:\/\/www.ulkoilutankameraa.fi\/blog\/wp-content\/uploads\/2015\/07\/7180556-904x678.jpg 904w\" sizes=\"auto, (max-width: 1024px) 100vw, 1024px\" \/><\/a><\/p>\n<p><a href=\"http:\/\/www.ulkoilutankameraa.fi\/blog\/wp-content\/uploads\/2015\/07\/7180551.jpg\"><img loading=\"lazy\" decoding=\"async\" class=\"size-full wp-image-2630\" src=\"http:\/\/www.ulkoilutankameraa.fi\/blog\/wp-content\/uploads\/2015\/07\/7180551.jpg\" alt=\"OLYMPUS DIGITAL CAMERA\" width=\"1024\" height=\"768\" srcset=\"https:\/\/www.ulkoilutankameraa.fi\/blog\/wp-content\/uploads\/2015\/07\/7180551.jpg 1024w, https:\/\/www.ulkoilutankameraa.fi\/blog\/wp-content\/uploads\/2015\/07\/7180551-150x113.jpg 150w, https:\/\/www.ulkoilutankameraa.fi\/blog\/wp-content\/uploads\/2015\/07\/7180551-325x244.jpg 325w, https:\/\/www.ulkoilutankameraa.fi\/blog\/wp-content\/uploads\/2015\/07\/7180551-650x488.jpg 650w, https:\/\/www.ulkoilutankameraa.fi\/blog\/wp-content\/uploads\/2015\/07\/7180551-904x678.jpg 904w\" sizes=\"auto, (max-width: 1024px) 100vw, 1024px\" \/><\/a><\/p>\n<p>&nbsp;<\/p>\n","protected":false},"excerpt":{"rendered":"<p>Vuotuinen k\u00e4yntikohde. Vaikka eip\u00e4 se tapahtuma itsess\u00e4\u00e4n ole juurikaan muuttunut niin\u00e4 vuosina kun itse olen k\u00e4ynyt. Saman n\u00e4k\u00f6isi\u00e4 autoja samoilla paikoilla. Joukosta erottui t\u00e4ll\u00e4 kertaa Alfa Romeo AR51 Matta vuodelta -52. Pr\u00e4tkist\u00e4 v\u00e4hemm\u00e4n n\u00e4hty oli Aprilia Moto 65, suunnittelija Philippe Starck. En ole vuosiin ottanut n\u00e4ist\u00e4 kuvia kun netist\u00e4 l\u00f6ytyy niin paljon parempia. Harmi kun [&hellip;]<\/p>\n","protected":false},"author":1,"featured_media":0,"comment_status":"open","ping_status":"open","sticky":false,"template":"","format":"standard","meta":{"footnotes":""},"categories":[1],"tags":[18,155,20,27,157,156,26],"class_list":["post-2633","post","type-post","status-publish","format-standard","hentry","category-uncategorized","tag-auto","tag-autot","tag-car","tag-happenings","tag-mustiala","tag-tammela","tag-tapahtumat","content-columns-1"],"_links":{"self":[{"href":"https:\/\/www.ulkoilutankameraa.fi\/blog\/index.php?rest_route=\/wp\/v2\/posts\/2633","targetHints":{"allow":["GET"]}}],"collection":[{"href":"https:\/\/www.ulkoilutankameraa.fi\/blog\/index.php?rest_route=\/wp\/v2\/posts"}],"about":[{"href":"https:\/\/www.ulkoilutankameraa.fi\/blog\/index.php?rest_route=\/wp\/v2\/types\/post"}],"author":[{"embeddable":true,"href":"https:\/\/www.ulkoilutankameraa.fi\/blog\/index.php?rest_route=\/wp\/v2\/users\/1"}],"replies":[{"embeddable":true,"href":"https:\/\/www.ulkoilutankameraa.fi\/blog\/index.php?rest_route=%2Fwp%2Fv2%2Fcomments&post=2633"}],"version-history":[{"count":4,"href":"https:\/\/www.ulkoilutankameraa.fi\/blog\/index.php?rest_route=\/wp\/v2\/posts\/2633\/revisions"}],"predecessor-version":[{"id":2637,"href":"https:\/\/www.ulkoilutankameraa.fi\/blog\/index.php?rest_route=\/wp\/v2\/posts\/2633\/revisions\/2637"}],"wp:attachment":[{"href":"https:\/\/www.ulkoilutankameraa.fi\/blog\/index.php?rest_route=%2Fwp%2Fv2%2Fmedia&parent=2633"}],"wp:term":[{"taxonomy":"category","embeddable":true,"href":"https:\/\/www.ulkoilutankameraa.fi\/blog\/index.php?rest_route=%2Fwp%2Fv2%2Fcategories&post=2633"},{"taxonomy":"post_tag","embeddable":true,"href":"https:\/\/www.ulkoilutankameraa.fi\/blog\/index.php?rest_route=%2Fwp%2Fv2%2Ftags&post=2633"}],"curies":[{"name":"wp","href":"https:\/\/api.w.org\/{rel}","templated":true}]}}