{"id":2921,"date":"2015-10-18T20:58:27","date_gmt":"2015-10-18T17:58:27","guid":{"rendered":"http:\/\/www.ulkoilutankameraa.fi\/blog\/?p=2921"},"modified":"2015-10-18T23:32:05","modified_gmt":"2015-10-18T20:32:05","slug":"paluu-sahajarvelle","status":"publish","type":"post","link":"https:\/\/www.ulkoilutankameraa.fi\/blog\/?p=2921","title":{"rendered":"Paluu Sahaj\u00e4rvelle"},"content":{"rendered":"<p>Mit\u00e4\u00e4n palaa. Samalta reissulta kuin edellinenkin kuva. Nyt on kuvien kanssa v\u00e4h\u00e4n kiirett\u00e4 ja pidet\u00e4\u00e4n sivut l\u00e4mpimin\u00e4 t\u00e4llaisilla turhilla postauksilla. Olympuksen vakaajan teho n\u00e4kyy t\u00e4ss\u00e4 kuvassa. Ilman jalustaa, polttov\u00e4li 27 mm (54 vanhan ajan milli\u00e4) ja aika 1\/13 sek. Omat fourthirdsit eli 43:t puron penkalla huonosti tuettuna.<\/p>\n<p><a href=\"http:\/\/www.ulkoilutankameraa.fi\/blog\/wp-content\/uploads\/2015\/10\/PA160041.jpg\"><img loading=\"lazy\" decoding=\"async\" class=\"size-full wp-image-2920\" src=\"http:\/\/www.ulkoilutankameraa.fi\/blog\/wp-content\/uploads\/2015\/10\/PA160041.jpg\" alt=\"OLYMPUS DIGITAL CAMERA\" width=\"1024\" height=\"768\" srcset=\"https:\/\/www.ulkoilutankameraa.fi\/blog\/wp-content\/uploads\/2015\/10\/PA160041.jpg 1024w, https:\/\/www.ulkoilutankameraa.fi\/blog\/wp-content\/uploads\/2015\/10\/PA160041-150x113.jpg 150w, https:\/\/www.ulkoilutankameraa.fi\/blog\/wp-content\/uploads\/2015\/10\/PA160041-325x244.jpg 325w, https:\/\/www.ulkoilutankameraa.fi\/blog\/wp-content\/uploads\/2015\/10\/PA160041-650x488.jpg 650w, https:\/\/www.ulkoilutankameraa.fi\/blog\/wp-content\/uploads\/2015\/10\/PA160041-904x678.jpg 904w\" sizes=\"auto, (max-width: 1024px) 100vw, 1024px\" \/><\/a><\/p>\n<div class=\"wp-caption-dd\"><\/div>\n<p><a href=\"http:\/\/www.ulkoilutankameraa.fi\/blog\/wp-content\/uploads\/2015\/10\/PA160016.jpg\"><img loading=\"lazy\" decoding=\"async\" class=\"size-full wp-image-2923\" src=\"http:\/\/www.ulkoilutankameraa.fi\/blog\/wp-content\/uploads\/2015\/10\/PA160016.jpg\" alt=\"OLYMPUS DIGITAL CAMERA\" width=\"1024\" height=\"768\" srcset=\"https:\/\/www.ulkoilutankameraa.fi\/blog\/wp-content\/uploads\/2015\/10\/PA160016.jpg 1024w, https:\/\/www.ulkoilutankameraa.fi\/blog\/wp-content\/uploads\/2015\/10\/PA160016-150x113.jpg 150w, https:\/\/www.ulkoilutankameraa.fi\/blog\/wp-content\/uploads\/2015\/10\/PA160016-325x244.jpg 325w, https:\/\/www.ulkoilutankameraa.fi\/blog\/wp-content\/uploads\/2015\/10\/PA160016-650x488.jpg 650w, https:\/\/www.ulkoilutankameraa.fi\/blog\/wp-content\/uploads\/2015\/10\/PA160016-904x678.jpg 904w\" sizes=\"auto, (max-width: 1024px) 100vw, 1024px\" \/><\/a><\/p>\n<div class=\"wp-caption-dd\"><\/div>\n<p>&nbsp;<\/p>\n<div class=\"wp-caption-dd\"><\/div>\n","protected":false},"excerpt":{"rendered":"<p>Mit\u00e4\u00e4n palaa. Samalta reissulta kuin edellinenkin kuva. Nyt on kuvien kanssa v\u00e4h\u00e4n kiirett\u00e4 ja pidet\u00e4\u00e4n sivut l\u00e4mpimin\u00e4 t\u00e4llaisilla turhilla postauksilla. Olympuksen vakaajan teho n\u00e4kyy t\u00e4ss\u00e4 kuvassa. Ilman jalustaa, polttov\u00e4li 27 mm (54 vanhan ajan milli\u00e4) ja aika 1\/13 sek. Omat fourthirdsit eli 43:t puron penkalla huonosti tuettuna. &nbsp;<\/p>\n","protected":false},"author":1,"featured_media":0,"comment_status":"open","ping_status":"open","sticky":false,"template":"","format":"standard","meta":{"footnotes":""},"categories":[1],"tags":[83,170,84,72],"class_list":["post-2921","post","type-post","status-publish","format-standard","hentry","category-uncategorized","tag-puut","tag-syksy","tag-trees","tag-vesi","content-columns-1"],"_links":{"self":[{"href":"https:\/\/www.ulkoilutankameraa.fi\/blog\/index.php?rest_route=\/wp\/v2\/posts\/2921","targetHints":{"allow":["GET"]}}],"collection":[{"href":"https:\/\/www.ulkoilutankameraa.fi\/blog\/index.php?rest_route=\/wp\/v2\/posts"}],"about":[{"href":"https:\/\/www.ulkoilutankameraa.fi\/blog\/index.php?rest_route=\/wp\/v2\/types\/post"}],"author":[{"embeddable":true,"href":"https:\/\/www.ulkoilutankameraa.fi\/blog\/index.php?rest_route=\/wp\/v2\/users\/1"}],"replies":[{"embeddable":true,"href":"https:\/\/www.ulkoilutankameraa.fi\/blog\/index.php?rest_route=%2Fwp%2Fv2%2Fcomments&post=2921"}],"version-history":[{"count":2,"href":"https:\/\/www.ulkoilutankameraa.fi\/blog\/index.php?rest_route=\/wp\/v2\/posts\/2921\/revisions"}],"predecessor-version":[{"id":2930,"href":"https:\/\/www.ulkoilutankameraa.fi\/blog\/index.php?rest_route=\/wp\/v2\/posts\/2921\/revisions\/2930"}],"wp:attachment":[{"href":"https:\/\/www.ulkoilutankameraa.fi\/blog\/index.php?rest_route=%2Fwp%2Fv2%2Fmedia&parent=2921"}],"wp:term":[{"taxonomy":"category","embeddable":true,"href":"https:\/\/www.ulkoilutankameraa.fi\/blog\/index.php?rest_route=%2Fwp%2Fv2%2Fcategories&post=2921"},{"taxonomy":"post_tag","embeddable":true,"href":"https:\/\/www.ulkoilutankameraa.fi\/blog\/index.php?rest_route=%2Fwp%2Fv2%2Ftags&post=2921"}],"curies":[{"name":"wp","href":"https:\/\/api.w.org\/{rel}","templated":true}]}}