{"id":3159,"date":"2015-12-12T22:29:30","date_gmt":"2015-12-12T20:29:30","guid":{"rendered":"http:\/\/www.ulkoilutankameraa.fi\/blog\/?p=3159"},"modified":"2015-12-19T23:11:39","modified_gmt":"2015-12-19T21:11:39","slug":"paivan-varikartta","status":"publish","type":"post","link":"https:\/\/www.ulkoilutankameraa.fi\/blog\/?p=3159","title":{"rendered":"P\u00e4iv\u00e4n v\u00e4rikartta"},"content":{"rendered":"<p>Pitk\u00e4st\u00e4 aikaa p\u00e4\u00e4si ulkoilemaan kameran kanssa. Ilman sadetta ja valoon. En taas ymm\u00e4rt\u00e4nytk\u00e4\u00e4n kuinka lyhyt p\u00e4iv\u00e4 onkaan. Aamun kaupunkiaskareiden j\u00e4lkeen p\u00e4\u00e4si noin klo 14:00 j\u00e4lkeen kuvauspaikalle. Ei kauaa mennyt kun valo muuttui keltaisesta, punaiseksi, siniseksi ja mustaksi. No musta tuosta puuttuu, mutta sen voi kuvitella laittamalla silm\u00e4t kiinni.<\/p>\n<p><a href=\"http:\/\/www.ulkoilutankameraa.fi\/blog\/wp-content\/uploads\/2015\/12\/PC120130.jpg\"><img loading=\"lazy\" decoding=\"async\" class=\"size-full wp-image-3155\" src=\"http:\/\/www.ulkoilutankameraa.fi\/blog\/wp-content\/uploads\/2015\/12\/PC120130.jpg\" alt=\"OLYMPUS DIGITAL CAMERA\" width=\"1024\" height=\"768\" srcset=\"https:\/\/www.ulkoilutankameraa.fi\/blog\/wp-content\/uploads\/2015\/12\/PC120130.jpg 1024w, https:\/\/www.ulkoilutankameraa.fi\/blog\/wp-content\/uploads\/2015\/12\/PC120130-150x113.jpg 150w, https:\/\/www.ulkoilutankameraa.fi\/blog\/wp-content\/uploads\/2015\/12\/PC120130-325x244.jpg 325w, https:\/\/www.ulkoilutankameraa.fi\/blog\/wp-content\/uploads\/2015\/12\/PC120130-650x488.jpg 650w, https:\/\/www.ulkoilutankameraa.fi\/blog\/wp-content\/uploads\/2015\/12\/PC120130-904x678.jpg 904w\" sizes=\"auto, (max-width: 1024px) 100vw, 1024px\" \/><\/a><\/p>\n<p><a href=\"http:\/\/www.ulkoilutankameraa.fi\/blog\/wp-content\/uploads\/2015\/12\/PC120203.jpg\"><img loading=\"lazy\" decoding=\"async\" class=\"size-full wp-image-3157\" src=\"http:\/\/www.ulkoilutankameraa.fi\/blog\/wp-content\/uploads\/2015\/12\/PC120203.jpg\" alt=\"OLYMPUS DIGITAL CAMERA\" width=\"1024\" height=\"768\" srcset=\"https:\/\/www.ulkoilutankameraa.fi\/blog\/wp-content\/uploads\/2015\/12\/PC120203.jpg 1024w, https:\/\/www.ulkoilutankameraa.fi\/blog\/wp-content\/uploads\/2015\/12\/PC120203-150x113.jpg 150w, https:\/\/www.ulkoilutankameraa.fi\/blog\/wp-content\/uploads\/2015\/12\/PC120203-325x244.jpg 325w, https:\/\/www.ulkoilutankameraa.fi\/blog\/wp-content\/uploads\/2015\/12\/PC120203-650x488.jpg 650w, https:\/\/www.ulkoilutankameraa.fi\/blog\/wp-content\/uploads\/2015\/12\/PC120203-904x678.jpg 904w\" sizes=\"auto, (max-width: 1024px) 100vw, 1024px\" \/><\/a><\/p>\n<p><a href=\"http:\/\/www.ulkoilutankameraa.fi\/blog\/wp-content\/uploads\/2015\/12\/PC120258.jpg\"><img loading=\"lazy\" decoding=\"async\" class=\"size-full wp-image-3158\" src=\"http:\/\/www.ulkoilutankameraa.fi\/blog\/wp-content\/uploads\/2015\/12\/PC120258.jpg\" alt=\"OLYMPUS DIGITAL CAMERA\" width=\"1024\" height=\"768\" srcset=\"https:\/\/www.ulkoilutankameraa.fi\/blog\/wp-content\/uploads\/2015\/12\/PC120258.jpg 1024w, https:\/\/www.ulkoilutankameraa.fi\/blog\/wp-content\/uploads\/2015\/12\/PC120258-150x113.jpg 150w, https:\/\/www.ulkoilutankameraa.fi\/blog\/wp-content\/uploads\/2015\/12\/PC120258-325x244.jpg 325w, https:\/\/www.ulkoilutankameraa.fi\/blog\/wp-content\/uploads\/2015\/12\/PC120258-650x488.jpg 650w, https:\/\/www.ulkoilutankameraa.fi\/blog\/wp-content\/uploads\/2015\/12\/PC120258-904x678.jpg 904w\" sizes=\"auto, (max-width: 1024px) 100vw, 1024px\" \/><\/a><\/p>\n","protected":false},"excerpt":{"rendered":"<p>Pitk\u00e4st\u00e4 aikaa p\u00e4\u00e4si ulkoilemaan kameran kanssa. Ilman sadetta ja valoon. En taas ymm\u00e4rt\u00e4nytk\u00e4\u00e4n kuinka lyhyt p\u00e4iv\u00e4 onkaan. Aamun kaupunkiaskareiden j\u00e4lkeen p\u00e4\u00e4si noin klo 14:00 j\u00e4lkeen kuvauspaikalle. Ei kauaa mennyt kun valo muuttui keltaisesta, punaiseksi, siniseksi ja mustaksi. No musta tuosta puuttuu, mutta sen voi kuvitella laittamalla silm\u00e4t kiinni.<\/p>\n","protected":false},"author":1,"featured_media":0,"comment_status":"open","ping_status":"open","sticky":false,"template":"","format":"standard","meta":{"footnotes":""},"categories":[1],"tags":[139,67,105,106,37,81,17,103,136,166,41,72,73],"class_list":["post-3159","post","type-post","status-publish","format-standard","hentry","category-uncategorized","tag-auringonlasku","tag-jaa","tag-jarvi","tag-lake","tag-landscape","tag-maisemat","tag-salo","tag-sky","tag-sunset","tag-taivat","tag-teijo","tag-vesi","tag-water","content-columns-1"],"_links":{"self":[{"href":"https:\/\/www.ulkoilutankameraa.fi\/blog\/index.php?rest_route=\/wp\/v2\/posts\/3159","targetHints":{"allow":["GET"]}}],"collection":[{"href":"https:\/\/www.ulkoilutankameraa.fi\/blog\/index.php?rest_route=\/wp\/v2\/posts"}],"about":[{"href":"https:\/\/www.ulkoilutankameraa.fi\/blog\/index.php?rest_route=\/wp\/v2\/types\/post"}],"author":[{"embeddable":true,"href":"https:\/\/www.ulkoilutankameraa.fi\/blog\/index.php?rest_route=\/wp\/v2\/users\/1"}],"replies":[{"embeddable":true,"href":"https:\/\/www.ulkoilutankameraa.fi\/blog\/index.php?rest_route=%2Fwp%2Fv2%2Fcomments&post=3159"}],"version-history":[{"count":2,"href":"https:\/\/www.ulkoilutankameraa.fi\/blog\/index.php?rest_route=\/wp\/v2\/posts\/3159\/revisions"}],"predecessor-version":[{"id":3161,"href":"https:\/\/www.ulkoilutankameraa.fi\/blog\/index.php?rest_route=\/wp\/v2\/posts\/3159\/revisions\/3161"}],"wp:attachment":[{"href":"https:\/\/www.ulkoilutankameraa.fi\/blog\/index.php?rest_route=%2Fwp%2Fv2%2Fmedia&parent=3159"}],"wp:term":[{"taxonomy":"category","embeddable":true,"href":"https:\/\/www.ulkoilutankameraa.fi\/blog\/index.php?rest_route=%2Fwp%2Fv2%2Fcategories&post=3159"},{"taxonomy":"post_tag","embeddable":true,"href":"https:\/\/www.ulkoilutankameraa.fi\/blog\/index.php?rest_route=%2Fwp%2Fv2%2Ftags&post=3159"}],"curies":[{"name":"wp","href":"https:\/\/api.w.org\/{rel}","templated":true}]}}