{"id":3655,"date":"2016-10-24T19:33:38","date_gmt":"2016-10-24T16:33:38","guid":{"rendered":"http:\/\/www.ulkoilutankameraa.fi\/blog\/?p=3655"},"modified":"2016-10-24T19:33:38","modified_gmt":"2016-10-24T16:33:38","slug":"syyshedelmat","status":"publish","type":"post","link":"https:\/\/www.ulkoilutankameraa.fi\/blog\/?p=3655","title":{"rendered":"Syyshedelm\u00e4t"},"content":{"rendered":"<p>Olipas kiva k\u00e4yd\u00e4 pitk\u00e4st\u00e4 aikaa ulkona, valoisaan aikaan, kameran kanssa. Ottamassa l\u00e4hikontaktia syysluontoon.<\/p>\n<p><a href=\"http:\/\/www.ulkoilutankameraa.fi\/blog\/wp-content\/uploads\/2016\/10\/PA230631.jpg\"><img loading=\"lazy\" decoding=\"async\" class=\"size-full wp-image-3653\" src=\"http:\/\/www.ulkoilutankameraa.fi\/blog\/wp-content\/uploads\/2016\/10\/PA230631.jpg\" alt=\"OLYMPUS DIGITAL CAMERA\" width=\"900\" height=\"675\" srcset=\"https:\/\/www.ulkoilutankameraa.fi\/blog\/wp-content\/uploads\/2016\/10\/PA230631.jpg 900w, https:\/\/www.ulkoilutankameraa.fi\/blog\/wp-content\/uploads\/2016\/10\/PA230631-150x113.jpg 150w, https:\/\/www.ulkoilutankameraa.fi\/blog\/wp-content\/uploads\/2016\/10\/PA230631-325x244.jpg 325w\" sizes=\"auto, (max-width: 900px) 100vw, 900px\" \/><\/a><\/p>\n<p>&nbsp;<\/p>\n<p>&nbsp;<\/p>\n<p><a href=\"http:\/\/www.ulkoilutankameraa.fi\/blog\/wp-content\/uploads\/2016\/10\/PA230660.jpg\"><img loading=\"lazy\" decoding=\"async\" class=\"size-full wp-image-3654\" src=\"http:\/\/www.ulkoilutankameraa.fi\/blog\/wp-content\/uploads\/2016\/10\/PA230660.jpg\" alt=\"OLYMPUS DIGITAL CAMERA\" width=\"900\" height=\"675\" srcset=\"https:\/\/www.ulkoilutankameraa.fi\/blog\/wp-content\/uploads\/2016\/10\/PA230660.jpg 900w, https:\/\/www.ulkoilutankameraa.fi\/blog\/wp-content\/uploads\/2016\/10\/PA230660-150x113.jpg 150w, https:\/\/www.ulkoilutankameraa.fi\/blog\/wp-content\/uploads\/2016\/10\/PA230660-325x244.jpg 325w\" sizes=\"auto, (max-width: 900px) 100vw, 900px\" \/><\/a><\/p>\n<p>&nbsp;<\/p>\n<p>&nbsp;<\/p>\n","protected":false},"excerpt":{"rendered":"<p>Olipas kiva k\u00e4yd\u00e4 pitk\u00e4st\u00e4 aikaa ulkona, valoisaan aikaan, kameran kanssa. Ottamassa l\u00e4hikontaktia syysluontoon. &nbsp; &nbsp; &nbsp; &nbsp;<\/p>\n","protected":false},"author":1,"featured_media":0,"comment_status":"open","ping_status":"open","sticky":false,"template":"","format":"standard","meta":{"footnotes":""},"categories":[1],"tags":[],"class_list":["post-3655","post","type-post","status-publish","format-standard","hentry","category-uncategorized","content-columns-1"],"_links":{"self":[{"href":"https:\/\/www.ulkoilutankameraa.fi\/blog\/index.php?rest_route=\/wp\/v2\/posts\/3655","targetHints":{"allow":["GET"]}}],"collection":[{"href":"https:\/\/www.ulkoilutankameraa.fi\/blog\/index.php?rest_route=\/wp\/v2\/posts"}],"about":[{"href":"https:\/\/www.ulkoilutankameraa.fi\/blog\/index.php?rest_route=\/wp\/v2\/types\/post"}],"author":[{"embeddable":true,"href":"https:\/\/www.ulkoilutankameraa.fi\/blog\/index.php?rest_route=\/wp\/v2\/users\/1"}],"replies":[{"embeddable":true,"href":"https:\/\/www.ulkoilutankameraa.fi\/blog\/index.php?rest_route=%2Fwp%2Fv2%2Fcomments&post=3655"}],"version-history":[{"count":1,"href":"https:\/\/www.ulkoilutankameraa.fi\/blog\/index.php?rest_route=\/wp\/v2\/posts\/3655\/revisions"}],"predecessor-version":[{"id":3656,"href":"https:\/\/www.ulkoilutankameraa.fi\/blog\/index.php?rest_route=\/wp\/v2\/posts\/3655\/revisions\/3656"}],"wp:attachment":[{"href":"https:\/\/www.ulkoilutankameraa.fi\/blog\/index.php?rest_route=%2Fwp%2Fv2%2Fmedia&parent=3655"}],"wp:term":[{"taxonomy":"category","embeddable":true,"href":"https:\/\/www.ulkoilutankameraa.fi\/blog\/index.php?rest_route=%2Fwp%2Fv2%2Fcategories&post=3655"},{"taxonomy":"post_tag","embeddable":true,"href":"https:\/\/www.ulkoilutankameraa.fi\/blog\/index.php?rest_route=%2Fwp%2Fv2%2Ftags&post=3655"}],"curies":[{"name":"wp","href":"https:\/\/api.w.org\/{rel}","templated":true}]}}