{"id":3672,"date":"2016-11-20T18:36:41","date_gmt":"2016-11-20T16:36:41","guid":{"rendered":"http:\/\/www.ulkoilutankameraa.fi\/blog\/?p=3672"},"modified":"2016-11-20T18:36:41","modified_gmt":"2016-11-20T16:36:41","slug":"jaan-reuna-vetaytyy","status":"publish","type":"post","link":"https:\/\/www.ulkoilutankameraa.fi\/blog\/?p=3672","title":{"rendered":"J\u00e4\u00e4n reuna vet\u00e4ytyy"},"content":{"rendered":"<p>Hyv\u00e4t j\u00e4\u00e4t sulavat pois. Ehti jo tulla ainakin kymmenen sentin paksuiseksi. Olisikin ollut perin omituista jos talvi olisi jo nyt saatu pysyv\u00e4ksi.<\/p>\n<p><a href=\"http:\/\/www.ulkoilutankameraa.fi\/blog\/wp-content\/uploads\/2016\/11\/PB200233.jpg\"><img loading=\"lazy\" decoding=\"async\" class=\"size-full wp-image-3671\" src=\"http:\/\/www.ulkoilutankameraa.fi\/blog\/wp-content\/uploads\/2016\/11\/PB200233.jpg\" alt=\"OLYMPUS DIGITAL CAMERA\" width=\"900\" height=\"556\" srcset=\"https:\/\/www.ulkoilutankameraa.fi\/blog\/wp-content\/uploads\/2016\/11\/PB200233.jpg 900w, https:\/\/www.ulkoilutankameraa.fi\/blog\/wp-content\/uploads\/2016\/11\/PB200233-150x93.jpg 150w, https:\/\/www.ulkoilutankameraa.fi\/blog\/wp-content\/uploads\/2016\/11\/PB200233-325x201.jpg 325w\" sizes=\"auto, (max-width: 900px) 100vw, 900px\" \/><\/a><\/p>\n","protected":false},"excerpt":{"rendered":"<p>Hyv\u00e4t j\u00e4\u00e4t sulavat pois. Ehti jo tulla ainakin kymmenen sentin paksuiseksi. Olisikin ollut perin omituista jos talvi olisi jo nyt saatu pysyv\u00e4ksi.<\/p>\n","protected":false},"author":1,"featured_media":0,"comment_status":"open","ping_status":"open","sticky":false,"template":"","format":"standard","meta":{"footnotes":""},"categories":[1],"tags":[196,105,106,37,81,72],"class_list":["post-3672","post","type-post","status-publish","format-standard","hentry","category-uncategorized","tag-jaa-ice","tag-jarvi","tag-lake","tag-landscape","tag-maisemat","tag-vesi","content-columns-1"],"_links":{"self":[{"href":"https:\/\/www.ulkoilutankameraa.fi\/blog\/index.php?rest_route=\/wp\/v2\/posts\/3672","targetHints":{"allow":["GET"]}}],"collection":[{"href":"https:\/\/www.ulkoilutankameraa.fi\/blog\/index.php?rest_route=\/wp\/v2\/posts"}],"about":[{"href":"https:\/\/www.ulkoilutankameraa.fi\/blog\/index.php?rest_route=\/wp\/v2\/types\/post"}],"author":[{"embeddable":true,"href":"https:\/\/www.ulkoilutankameraa.fi\/blog\/index.php?rest_route=\/wp\/v2\/users\/1"}],"replies":[{"embeddable":true,"href":"https:\/\/www.ulkoilutankameraa.fi\/blog\/index.php?rest_route=%2Fwp%2Fv2%2Fcomments&post=3672"}],"version-history":[{"count":1,"href":"https:\/\/www.ulkoilutankameraa.fi\/blog\/index.php?rest_route=\/wp\/v2\/posts\/3672\/revisions"}],"predecessor-version":[{"id":3673,"href":"https:\/\/www.ulkoilutankameraa.fi\/blog\/index.php?rest_route=\/wp\/v2\/posts\/3672\/revisions\/3673"}],"wp:attachment":[{"href":"https:\/\/www.ulkoilutankameraa.fi\/blog\/index.php?rest_route=%2Fwp%2Fv2%2Fmedia&parent=3672"}],"wp:term":[{"taxonomy":"category","embeddable":true,"href":"https:\/\/www.ulkoilutankameraa.fi\/blog\/index.php?rest_route=%2Fwp%2Fv2%2Fcategories&post=3672"},{"taxonomy":"post_tag","embeddable":true,"href":"https:\/\/www.ulkoilutankameraa.fi\/blog\/index.php?rest_route=%2Fwp%2Fv2%2Ftags&post=3672"}],"curies":[{"name":"wp","href":"https:\/\/api.w.org\/{rel}","templated":true}]}}