{"id":4054,"date":"2017-07-28T10:00:03","date_gmt":"2017-07-28T07:00:03","guid":{"rendered":"http:\/\/www.ulkoilutankameraa.fi\/blog\/?p=4054"},"modified":"2017-07-27T15:53:55","modified_gmt":"2017-07-27T12:53:55","slug":"metsateilla","status":"publish","type":"post","link":"https:\/\/www.ulkoilutankameraa.fi\/blog\/?p=4054","title":{"rendered":"Mets\u00e4teill\u00e4"},"content":{"rendered":"<p>Tarkoitus oli ajaa l\u00e4pi kaikki Someron mets\u00e4tiet, mutta loppui aika ja kunto kesken jo 25 kilometrin j\u00e4lkeen. Mukavia nousuja, jotka palkittiin nopeasti mukavalla laskulla &#8211; melkein meni 50 km\/h rikki. Yll\u00e4tt\u00e4v\u00e4n paljon noinkin pienelt\u00e4 alueelta tulee kilometrej\u00e4 kun edes takas ajelee. Matka j\u00e4i hieman kesken, tarkoitus oli p\u00e4\u00e4tt\u00e4\u00e4 ajot auringonlaskun puolelle, toiselle rannalle.<\/p>\n<p><a href=\"http:\/\/www.ulkoilutankameraa.fi\/blog\/wp-content\/uploads\/2017\/07\/P7250496.jpg\"><img loading=\"lazy\" decoding=\"async\" class=\"alignleft size-full wp-image-4051\" src=\"http:\/\/www.ulkoilutankameraa.fi\/blog\/wp-content\/uploads\/2017\/07\/P7250496.jpg\" alt=\"\" width=\"1000\" height=\"750\" srcset=\"https:\/\/www.ulkoilutankameraa.fi\/blog\/wp-content\/uploads\/2017\/07\/P7250496.jpg 1000w, https:\/\/www.ulkoilutankameraa.fi\/blog\/wp-content\/uploads\/2017\/07\/P7250496-150x113.jpg 150w, https:\/\/www.ulkoilutankameraa.fi\/blog\/wp-content\/uploads\/2017\/07\/P7250496-325x244.jpg 325w, https:\/\/www.ulkoilutankameraa.fi\/blog\/wp-content\/uploads\/2017\/07\/P7250496-904x678.jpg 904w\" sizes=\"auto, (max-width: 1000px) 100vw, 1000px\" \/><\/a><\/p>\n","protected":false},"excerpt":{"rendered":"<p>Tarkoitus oli ajaa l\u00e4pi kaikki Someron mets\u00e4tiet, mutta loppui aika ja kunto kesken jo 25 kilometrin j\u00e4lkeen. Mukavia nousuja, jotka palkittiin nopeasti mukavalla laskulla &#8211; melkein meni 50 km\/h rikki. Yll\u00e4tt\u00e4v\u00e4n paljon noinkin pienelt\u00e4 alueelta tulee kilometrej\u00e4 kun edes takas ajelee. Matka j\u00e4i hieman kesken, tarkoitus oli p\u00e4\u00e4tt\u00e4\u00e4 ajot auringonlaskun puolelle, toiselle rannalle.<\/p>\n","protected":false},"author":1,"featured_media":0,"comment_status":"open","ping_status":"open","sticky":false,"template":"","format":"standard","meta":{"footnotes":""},"categories":[1],"tags":[207,24],"class_list":["post-4054","post","type-post","status-publish","format-standard","hentry","category-uncategorized","tag-pyoraily","tag-somero","content-columns-1"],"_links":{"self":[{"href":"https:\/\/www.ulkoilutankameraa.fi\/blog\/index.php?rest_route=\/wp\/v2\/posts\/4054","targetHints":{"allow":["GET"]}}],"collection":[{"href":"https:\/\/www.ulkoilutankameraa.fi\/blog\/index.php?rest_route=\/wp\/v2\/posts"}],"about":[{"href":"https:\/\/www.ulkoilutankameraa.fi\/blog\/index.php?rest_route=\/wp\/v2\/types\/post"}],"author":[{"embeddable":true,"href":"https:\/\/www.ulkoilutankameraa.fi\/blog\/index.php?rest_route=\/wp\/v2\/users\/1"}],"replies":[{"embeddable":true,"href":"https:\/\/www.ulkoilutankameraa.fi\/blog\/index.php?rest_route=%2Fwp%2Fv2%2Fcomments&post=4054"}],"version-history":[{"count":1,"href":"https:\/\/www.ulkoilutankameraa.fi\/blog\/index.php?rest_route=\/wp\/v2\/posts\/4054\/revisions"}],"predecessor-version":[{"id":4055,"href":"https:\/\/www.ulkoilutankameraa.fi\/blog\/index.php?rest_route=\/wp\/v2\/posts\/4054\/revisions\/4055"}],"wp:attachment":[{"href":"https:\/\/www.ulkoilutankameraa.fi\/blog\/index.php?rest_route=%2Fwp%2Fv2%2Fmedia&parent=4054"}],"wp:term":[{"taxonomy":"category","embeddable":true,"href":"https:\/\/www.ulkoilutankameraa.fi\/blog\/index.php?rest_route=%2Fwp%2Fv2%2Fcategories&post=4054"},{"taxonomy":"post_tag","embeddable":true,"href":"https:\/\/www.ulkoilutankameraa.fi\/blog\/index.php?rest_route=%2Fwp%2Fv2%2Ftags&post=4054"}],"curies":[{"name":"wp","href":"https:\/\/api.w.org\/{rel}","templated":true}]}}