{"id":406,"date":"2013-04-28T15:00:25","date_gmt":"2013-04-28T12:00:25","guid":{"rendered":"http:\/\/www.ulkoilutankameraa.fi\/blog\/?p=406"},"modified":"2013-07-08T12:11:26","modified_gmt":"2013-07-08T09:11:26","slug":"varjoon-valoon-varjoon-to-shine-to-shade-to-shine","status":"publish","type":"post","link":"https:\/\/www.ulkoilutankameraa.fi\/blog\/?p=406","title":{"rendered":"Varjoon valoon varjoon&#8230; &#8211; To shine to shade to shine&#8230;"},"content":{"rendered":"<p>Edelleen Retiro puistosta, muistaakseni l\u00e4helt\u00e4 Alfonso XII:n muistomerkki\u00e4.<\/p>\n<p>Still from Parque Retiro. If I remember near Monument to Alfonso XII<\/p>\n<p><img loading=\"lazy\" decoding=\"async\" class=\"alignleft size-full wp-image-405\" alt=\"OLYMPUS DIGITAL CAMERA\" src=\"http:\/\/www.ulkoilutankameraa.fi\/blog\/wp-content\/uploads\/2013\/04\/P4190041.jpg\" width=\"1024\" height=\"768\" srcset=\"https:\/\/www.ulkoilutankameraa.fi\/blog\/wp-content\/uploads\/2013\/04\/P4190041.jpg 1024w, https:\/\/www.ulkoilutankameraa.fi\/blog\/wp-content\/uploads\/2013\/04\/P4190041-150x112.jpg 150w, https:\/\/www.ulkoilutankameraa.fi\/blog\/wp-content\/uploads\/2013\/04\/P4190041-325x243.jpg 325w, https:\/\/www.ulkoilutankameraa.fi\/blog\/wp-content\/uploads\/2013\/04\/P4190041-650x487.jpg 650w, https:\/\/www.ulkoilutankameraa.fi\/blog\/wp-content\/uploads\/2013\/04\/P4190041-624x468.jpg 624w\" sizes=\"auto, (max-width: 1024px) 100vw, 1024px\" \/><\/p>\n","protected":false},"excerpt":{"rendered":"<p>Edelleen Retiro puistosta, muistaakseni l\u00e4helt\u00e4 Alfonso XII:n muistomerkki\u00e4. Still from Parque Retiro. If I remember near Monument to Alfonso XII<\/p>\n","protected":false},"author":1,"featured_media":0,"comment_status":"open","ping_status":"open","sticky":false,"template":"","format":"standard","meta":{"footnotes":""},"categories":[1],"tags":[58,15,56,57],"class_list":["post-406","post","type-post","status-publish","format-standard","hentry","category-uncategorized","tag-buildings","tag-bw","tag-madrid","tag-rakennukset"],"_links":{"self":[{"href":"https:\/\/www.ulkoilutankameraa.fi\/blog\/index.php?rest_route=\/wp\/v2\/posts\/406","targetHints":{"allow":["GET"]}}],"collection":[{"href":"https:\/\/www.ulkoilutankameraa.fi\/blog\/index.php?rest_route=\/wp\/v2\/posts"}],"about":[{"href":"https:\/\/www.ulkoilutankameraa.fi\/blog\/index.php?rest_route=\/wp\/v2\/types\/post"}],"author":[{"embeddable":true,"href":"https:\/\/www.ulkoilutankameraa.fi\/blog\/index.php?rest_route=\/wp\/v2\/users\/1"}],"replies":[{"embeddable":true,"href":"https:\/\/www.ulkoilutankameraa.fi\/blog\/index.php?rest_route=%2Fwp%2Fv2%2Fcomments&post=406"}],"version-history":[{"count":3,"href":"https:\/\/www.ulkoilutankameraa.fi\/blog\/index.php?rest_route=\/wp\/v2\/posts\/406\/revisions"}],"predecessor-version":[{"id":715,"href":"https:\/\/www.ulkoilutankameraa.fi\/blog\/index.php?rest_route=\/wp\/v2\/posts\/406\/revisions\/715"}],"wp:attachment":[{"href":"https:\/\/www.ulkoilutankameraa.fi\/blog\/index.php?rest_route=%2Fwp%2Fv2%2Fmedia&parent=406"}],"wp:term":[{"taxonomy":"category","embeddable":true,"href":"https:\/\/www.ulkoilutankameraa.fi\/blog\/index.php?rest_route=%2Fwp%2Fv2%2Fcategories&post=406"},{"taxonomy":"post_tag","embeddable":true,"href":"https:\/\/www.ulkoilutankameraa.fi\/blog\/index.php?rest_route=%2Fwp%2Fv2%2Ftags&post=406"}],"curies":[{"name":"wp","href":"https:\/\/api.w.org\/{rel}","templated":true}]}}