{"id":4111,"date":"2017-08-13T20:04:12","date_gmt":"2017-08-13T17:04:12","guid":{"rendered":"http:\/\/www.ulkoilutankameraa.fi\/blog\/?p=4111"},"modified":"2017-08-13T20:04:12","modified_gmt":"2017-08-13T17:04:12","slug":"someron-kivimeijerin-kesa-2017-paimionjoki-nayttely","status":"publish","type":"post","link":"https:\/\/www.ulkoilutankameraa.fi\/blog\/?p=4111","title":{"rendered":"Someron kivimeijerin kes\u00e4 2017 &#8211; Paimionjoki-n\u00e4yttely"},"content":{"rendered":"<p>Jokakes\u00e4inen kohde &#8211; vaikka ei viime vuonna oltukaan &#8211; <a href=\"http:\/\/www.someronkivimeijeri.fi\/category\/uutiset\/\" target=\"_blank\" rel=\"noopener\">Someron kivimeijeri<\/a>. Hieno kokonaisuus taas tarjolla, mielenkiintoiset n\u00e4yttelyt ja Antero Kare erinomaisena oppaana. Paikan omilta sivuilta selvi\u00e4\u00e4 t\u00e4m\u00e4nkertainen tarjonta. Alla olevissa kuvissa Antero Kare &#8211; Abacan karhu, Nora Paakkanen &#8211; Lopullinen totuus, Tapio Heikkil\u00e4 &#8211; valokuvia ja Tarja Trygg &#8211; solarigafeja.<\/p>\n<p>Tapio Heikkil\u00e4n ty\u00f6 on valtava dokumentti tuleville vuosille. Koko Paimionjoen j\u00e4rviketju on dokumentoitu jostain mist\u00e4 lie Marttilasta Somerniemen perukoille asti. Ketjun alkup\u00e4\u00e4n j\u00e4rvest\u00e4 osa on Tammelan puolella. Dokumentoinnin tarkkuus ja sen toistettavuus, tallessa olevine koordinaatteineen on huikeaa. Ihminen kun n\u00e4kee valokuvan h\u00e4n alkaa tutkia mist\u00e4 se on otettu, mit\u00e4 tutumpi paikka ja tutumpi ihminen, sit\u00e4 enemm\u00e4n h\u00e4n siit\u00e4 innostuu. Vaikka kulkisit sit\u00e4 kuvassa olevaa siltaa pitkin joka p\u00e4iv\u00e4, niin silti jaksat innostua sen kuvasta. Ajatteleppa, kuinka montaa ihmist\u00e4 tuolla ketjulla voitaisiin yhdist\u00e4\u00e4. Oma mielimaisema on siell\u00e4 toisessa p\u00e4\u00e4ss\u00e4 ja minua kiinnostaa sen vesist\u00f6n hyvinvointi &#8211; toivotaan, ett\u00e4 siell\u00e4 toisessakin p\u00e4\u00e4ss\u00e4 on joku kaltaiseni.<\/p>\n<p>Omalla tavallaan vastakohta edellisille insin\u00f6\u00f6rintarkalle dokumentoinnille ovat <a href=\"http:\/\/www.solargraphy.com\/\" target=\"_blank\" rel=\"noopener\">Tarja Tryggin<\/a> solarografiat. En usko, ett\u00e4 vastaavia kuvia pystyy en\u00e4\u00e4 kukaan koskaan milloinkaan ottamaan uudelleen. Ei se mit\u00e4\u00e4n. Upeita ne olivat silti. Valotusaika on viikkoja, sin\u00e4 aikana filmille tarttuu maisema, auringon kaari ja sen heijastus vedest\u00e4. Itselle ei ole tullut koskaan mieleen valokuvaa ottaessa, ett\u00e4 mit\u00e4 maisemassa tapahtuu seuraavan kuuden viikon aikana.<\/p>\n<p><a href=\"http:\/\/www.ulkoilutankameraa.fi\/blog\/wp-content\/uploads\/2017\/08\/PT130274.jpg\"><img loading=\"lazy\" decoding=\"async\" class=\"alignleft size-full wp-image-4109\" src=\"http:\/\/www.ulkoilutankameraa.fi\/blog\/wp-content\/uploads\/2017\/08\/PT130274.jpg\" alt=\"\" width=\"1000\" height=\"750\" srcset=\"https:\/\/www.ulkoilutankameraa.fi\/blog\/wp-content\/uploads\/2017\/08\/PT130274.jpg 1000w, https:\/\/www.ulkoilutankameraa.fi\/blog\/wp-content\/uploads\/2017\/08\/PT130274-150x113.jpg 150w, https:\/\/www.ulkoilutankameraa.fi\/blog\/wp-content\/uploads\/2017\/08\/PT130274-325x244.jpg 325w, https:\/\/www.ulkoilutankameraa.fi\/blog\/wp-content\/uploads\/2017\/08\/PT130274-904x678.jpg 904w\" sizes=\"auto, (max-width: 1000px) 100vw, 1000px\" \/><\/a><\/p>\n<p>&#8212;<\/p>\n<p><a href=\"http:\/\/www.ulkoilutankameraa.fi\/blog\/wp-content\/uploads\/2017\/08\/PT130263.jpg\"><img loading=\"lazy\" decoding=\"async\" class=\"alignleft size-full wp-image-4106\" src=\"http:\/\/www.ulkoilutankameraa.fi\/blog\/wp-content\/uploads\/2017\/08\/PT130263.jpg\" alt=\"\" width=\"1000\" height=\"750\" srcset=\"https:\/\/www.ulkoilutankameraa.fi\/blog\/wp-content\/uploads\/2017\/08\/PT130263.jpg 1000w, https:\/\/www.ulkoilutankameraa.fi\/blog\/wp-content\/uploads\/2017\/08\/PT130263-150x113.jpg 150w, https:\/\/www.ulkoilutankameraa.fi\/blog\/wp-content\/uploads\/2017\/08\/PT130263-325x244.jpg 325w, https:\/\/www.ulkoilutankameraa.fi\/blog\/wp-content\/uploads\/2017\/08\/PT130263-904x678.jpg 904w\" sizes=\"auto, (max-width: 1000px) 100vw, 1000px\" \/><\/a><\/p>\n<p>&#8212;<\/p>\n<p><a href=\"http:\/\/www.ulkoilutankameraa.fi\/blog\/wp-content\/uploads\/2017\/08\/PT130268.jpg\"><img loading=\"lazy\" decoding=\"async\" class=\"alignleft size-full wp-image-4107\" src=\"http:\/\/www.ulkoilutankameraa.fi\/blog\/wp-content\/uploads\/2017\/08\/PT130268.jpg\" alt=\"\" width=\"1000\" height=\"750\" srcset=\"https:\/\/www.ulkoilutankameraa.fi\/blog\/wp-content\/uploads\/2017\/08\/PT130268.jpg 1000w, https:\/\/www.ulkoilutankameraa.fi\/blog\/wp-content\/uploads\/2017\/08\/PT130268-150x113.jpg 150w, https:\/\/www.ulkoilutankameraa.fi\/blog\/wp-content\/uploads\/2017\/08\/PT130268-325x244.jpg 325w, https:\/\/www.ulkoilutankameraa.fi\/blog\/wp-content\/uploads\/2017\/08\/PT130268-904x678.jpg 904w\" sizes=\"auto, (max-width: 1000px) 100vw, 1000px\" \/><\/a><\/p>\n<p>&#8212;<\/p>\n<p><a href=\"http:\/\/www.ulkoilutankameraa.fi\/blog\/wp-content\/uploads\/2017\/08\/PT130271.jpg\"><img loading=\"lazy\" decoding=\"async\" class=\"alignleft size-full wp-image-4108\" src=\"http:\/\/www.ulkoilutankameraa.fi\/blog\/wp-content\/uploads\/2017\/08\/PT130271.jpg\" alt=\"\" width=\"1000\" height=\"750\" srcset=\"https:\/\/www.ulkoilutankameraa.fi\/blog\/wp-content\/uploads\/2017\/08\/PT130271.jpg 1000w, https:\/\/www.ulkoilutankameraa.fi\/blog\/wp-content\/uploads\/2017\/08\/PT130271-150x113.jpg 150w, https:\/\/www.ulkoilutankameraa.fi\/blog\/wp-content\/uploads\/2017\/08\/PT130271-325x244.jpg 325w, https:\/\/www.ulkoilutankameraa.fi\/blog\/wp-content\/uploads\/2017\/08\/PT130271-904x678.jpg 904w\" sizes=\"auto, (max-width: 1000px) 100vw, 1000px\" \/><\/a><\/p>\n<p>&#8212;<\/p>\n<p><a href=\"http:\/\/www.ulkoilutankameraa.fi\/blog\/wp-content\/uploads\/2017\/08\/PT130277.jpg\"><img loading=\"lazy\" decoding=\"async\" class=\"alignleft size-full wp-image-4110\" src=\"http:\/\/www.ulkoilutankameraa.fi\/blog\/wp-content\/uploads\/2017\/08\/PT130277.jpg\" alt=\"\" width=\"1000\" height=\"750\" srcset=\"https:\/\/www.ulkoilutankameraa.fi\/blog\/wp-content\/uploads\/2017\/08\/PT130277.jpg 1000w, https:\/\/www.ulkoilutankameraa.fi\/blog\/wp-content\/uploads\/2017\/08\/PT130277-150x113.jpg 150w, https:\/\/www.ulkoilutankameraa.fi\/blog\/wp-content\/uploads\/2017\/08\/PT130277-325x244.jpg 325w, https:\/\/www.ulkoilutankameraa.fi\/blog\/wp-content\/uploads\/2017\/08\/PT130277-904x678.jpg 904w\" sizes=\"auto, (max-width: 1000px) 100vw, 1000px\" \/><\/a><\/p>\n","protected":false},"excerpt":{"rendered":"<p>Jokakes\u00e4inen kohde &#8211; vaikka ei viime vuonna oltukaan &#8211; Someron kivimeijeri. Hieno kokonaisuus taas tarjolla, mielenkiintoiset n\u00e4yttelyt ja Antero Kare erinomaisena oppaana. Paikan omilta sivuilta selvi\u00e4\u00e4 t\u00e4m\u00e4nkertainen tarjonta. Alla olevissa kuvissa Antero Kare &#8211; Abacan karhu, Nora Paakkanen &#8211; Lopullinen totuus, Tapio Heikkil\u00e4 &#8211; valokuvia ja Tarja Trygg &#8211; solarigafeja. Tapio Heikkil\u00e4n ty\u00f6 on valtava [&hellip;]<\/p>\n","protected":false},"author":1,"featured_media":0,"comment_status":"open","ping_status":"open","sticky":false,"template":"","format":"standard","meta":{"footnotes":""},"categories":[1],"tags":[23,185,25,24,22],"class_list":["post-4111","post","type-post","status-publish","format-standard","hentry","category-uncategorized","tag-art","tag-exhibitions","tag-nayttelyt","tag-somero","tag-taide","content-columns-1"],"_links":{"self":[{"href":"https:\/\/www.ulkoilutankameraa.fi\/blog\/index.php?rest_route=\/wp\/v2\/posts\/4111","targetHints":{"allow":["GET"]}}],"collection":[{"href":"https:\/\/www.ulkoilutankameraa.fi\/blog\/index.php?rest_route=\/wp\/v2\/posts"}],"about":[{"href":"https:\/\/www.ulkoilutankameraa.fi\/blog\/index.php?rest_route=\/wp\/v2\/types\/post"}],"author":[{"embeddable":true,"href":"https:\/\/www.ulkoilutankameraa.fi\/blog\/index.php?rest_route=\/wp\/v2\/users\/1"}],"replies":[{"embeddable":true,"href":"https:\/\/www.ulkoilutankameraa.fi\/blog\/index.php?rest_route=%2Fwp%2Fv2%2Fcomments&post=4111"}],"version-history":[{"count":1,"href":"https:\/\/www.ulkoilutankameraa.fi\/blog\/index.php?rest_route=\/wp\/v2\/posts\/4111\/revisions"}],"predecessor-version":[{"id":4112,"href":"https:\/\/www.ulkoilutankameraa.fi\/blog\/index.php?rest_route=\/wp\/v2\/posts\/4111\/revisions\/4112"}],"wp:attachment":[{"href":"https:\/\/www.ulkoilutankameraa.fi\/blog\/index.php?rest_route=%2Fwp%2Fv2%2Fmedia&parent=4111"}],"wp:term":[{"taxonomy":"category","embeddable":true,"href":"https:\/\/www.ulkoilutankameraa.fi\/blog\/index.php?rest_route=%2Fwp%2Fv2%2Fcategories&post=4111"},{"taxonomy":"post_tag","embeddable":true,"href":"https:\/\/www.ulkoilutankameraa.fi\/blog\/index.php?rest_route=%2Fwp%2Fv2%2Ftags&post=4111"}],"curies":[{"name":"wp","href":"https:\/\/api.w.org\/{rel}","templated":true}]}}