{"id":4118,"date":"2017-08-14T19:31:34","date_gmt":"2017-08-14T16:31:34","guid":{"rendered":"http:\/\/www.ulkoilutankameraa.fi\/blog\/?p=4118"},"modified":"2017-08-13T20:53:19","modified_gmt":"2017-08-13T17:53:19","slug":"nuutajarvi-sydamen-puolella","status":"publish","type":"post","link":"https:\/\/www.ulkoilutankameraa.fi\/blog\/?p=4118","title":{"rendered":"Nuutaj\u00e4rvi &#8211; Syd\u00e4men puolella"},"content":{"rendered":"<p><a href=\"http:\/\/www.nuutajarvi.fi\/\" target=\"_blank\" rel=\"noopener\">Nuutaj\u00e4rvi<\/a> on my\u00f6s paikka, jossa tulee k\u00e4yty\u00e4 joka kes\u00e4 &#8211; viime kes\u00e4 j\u00e4i kyll\u00e4 v\u00e4liin &#8211; kes\u00e4n\u00e4yttelyss\u00e4. T\u00e4m\u00e4n kes\u00e4n teema oli Syd\u00e4men puolella &#8211; Korut ja kunniamerkit. N\u00e4iss\u00e4 n\u00e4yttelyiss\u00e4 tulee useimmiten ihmetelty\u00e4 ja ihasteltua lasin monipuolisuutta, miten sill\u00e4 on enemm\u00e4n ulottuvuuksia kuin maalauksella tai veistoksella. Sen heijastukset, l\u00e4pin\u00e4kyvyys, v\u00e4ri, varjot, varjon v\u00e4rit, el\u00e4vyys. Monessa ty\u00f6ss\u00e4 oli hienosti yhdistetty lasia muihin materiaaleihin.<\/p>\n<p>Alla olevissa kuvissa Markku Salo &#8211; Kunniallinen merkitys 2017, Johannes Rantasalo &#8211; A-luokan DADA-mitali yhdell\u00e4 banaanilla 2017 ja Ritva-Liisa Pohjalainen &#8211; Kaikki kaikessa. Rantasalon ty\u00f6 on huikea. T\u00e4ss\u00e4 yhteydess\u00e4 ja t\u00e4ss\u00e4 ajassa mitalille voisi olla useitakin saajaehdokkaita. Hei, oliko t\u00e4m\u00e4 kantaa ottava teos? Pohjalaisen ty\u00f6ss\u00e4 on hieno tekniikka ja siin\u00e4 tulee esiin juuri \u00e4sken mainitsemani ulottuvuudet.<\/p>\n<p>Ehdottomasti kannattaa poiketa ja tehd\u00e4 vaikka tikusta asiaa.<\/p>\n<p><a href=\"http:\/\/www.ulkoilutankameraa.fi\/blog\/wp-content\/uploads\/2017\/08\/PT130255.jpg\"><img loading=\"lazy\" decoding=\"async\" class=\"alignleft size-full wp-image-4117\" src=\"http:\/\/www.ulkoilutankameraa.fi\/blog\/wp-content\/uploads\/2017\/08\/PT130255.jpg\" alt=\"\" width=\"1000\" height=\"750\" srcset=\"https:\/\/www.ulkoilutankameraa.fi\/blog\/wp-content\/uploads\/2017\/08\/PT130255.jpg 1000w, https:\/\/www.ulkoilutankameraa.fi\/blog\/wp-content\/uploads\/2017\/08\/PT130255-150x113.jpg 150w, https:\/\/www.ulkoilutankameraa.fi\/blog\/wp-content\/uploads\/2017\/08\/PT130255-325x244.jpg 325w, https:\/\/www.ulkoilutankameraa.fi\/blog\/wp-content\/uploads\/2017\/08\/PT130255-904x678.jpg 904w\" sizes=\"auto, (max-width: 1000px) 100vw, 1000px\" \/><\/a><\/p>\n<p>&#8212;<\/p>\n<p><a href=\"http:\/\/www.ulkoilutankameraa.fi\/blog\/wp-content\/uploads\/2017\/08\/PT130240.jpg\"><img loading=\"lazy\" decoding=\"async\" class=\"alignleft size-full wp-image-4116\" src=\"http:\/\/www.ulkoilutankameraa.fi\/blog\/wp-content\/uploads\/2017\/08\/PT130240.jpg\" alt=\"\" width=\"1000\" height=\"750\" srcset=\"https:\/\/www.ulkoilutankameraa.fi\/blog\/wp-content\/uploads\/2017\/08\/PT130240.jpg 1000w, https:\/\/www.ulkoilutankameraa.fi\/blog\/wp-content\/uploads\/2017\/08\/PT130240-150x113.jpg 150w, https:\/\/www.ulkoilutankameraa.fi\/blog\/wp-content\/uploads\/2017\/08\/PT130240-325x244.jpg 325w, https:\/\/www.ulkoilutankameraa.fi\/blog\/wp-content\/uploads\/2017\/08\/PT130240-904x678.jpg 904w\" sizes=\"auto, (max-width: 1000px) 100vw, 1000px\" \/><\/a><\/p>\n<p>&#8212;<\/p>\n<p><a href=\"http:\/\/www.ulkoilutankameraa.fi\/blog\/wp-content\/uploads\/2017\/08\/PT130227.jpg\"><img loading=\"lazy\" decoding=\"async\" class=\"alignleft size-full wp-image-4113\" src=\"http:\/\/www.ulkoilutankameraa.fi\/blog\/wp-content\/uploads\/2017\/08\/PT130227.jpg\" alt=\"\" width=\"1000\" height=\"750\" srcset=\"https:\/\/www.ulkoilutankameraa.fi\/blog\/wp-content\/uploads\/2017\/08\/PT130227.jpg 1000w, https:\/\/www.ulkoilutankameraa.fi\/blog\/wp-content\/uploads\/2017\/08\/PT130227-150x113.jpg 150w, https:\/\/www.ulkoilutankameraa.fi\/blog\/wp-content\/uploads\/2017\/08\/PT130227-325x244.jpg 325w, https:\/\/www.ulkoilutankameraa.fi\/blog\/wp-content\/uploads\/2017\/08\/PT130227-904x678.jpg 904w\" sizes=\"auto, (max-width: 1000px) 100vw, 1000px\" \/><\/a><\/p>\n<p>&#8212;<\/p>\n<p><a href=\"http:\/\/www.ulkoilutankameraa.fi\/blog\/wp-content\/uploads\/2017\/08\/PT130234.jpg\"><img loading=\"lazy\" decoding=\"async\" class=\"alignleft size-full wp-image-4115\" src=\"http:\/\/www.ulkoilutankameraa.fi\/blog\/wp-content\/uploads\/2017\/08\/PT130234.jpg\" alt=\"\" width=\"1000\" height=\"750\" srcset=\"https:\/\/www.ulkoilutankameraa.fi\/blog\/wp-content\/uploads\/2017\/08\/PT130234.jpg 1000w, https:\/\/www.ulkoilutankameraa.fi\/blog\/wp-content\/uploads\/2017\/08\/PT130234-150x113.jpg 150w, https:\/\/www.ulkoilutankameraa.fi\/blog\/wp-content\/uploads\/2017\/08\/PT130234-325x244.jpg 325w, https:\/\/www.ulkoilutankameraa.fi\/blog\/wp-content\/uploads\/2017\/08\/PT130234-904x678.jpg 904w\" sizes=\"auto, (max-width: 1000px) 100vw, 1000px\" \/><\/a><\/p>\n<p>&#8212;-<\/p>\n<p><a href=\"http:\/\/www.ulkoilutankameraa.fi\/blog\/wp-content\/uploads\/2017\/08\/PT130230.jpg\"><img loading=\"lazy\" decoding=\"async\" class=\"alignleft size-full wp-image-4114\" src=\"http:\/\/www.ulkoilutankameraa.fi\/blog\/wp-content\/uploads\/2017\/08\/PT130230.jpg\" alt=\"\" width=\"750\" height=\"1000\" srcset=\"https:\/\/www.ulkoilutankameraa.fi\/blog\/wp-content\/uploads\/2017\/08\/PT130230.jpg 750w, https:\/\/www.ulkoilutankameraa.fi\/blog\/wp-content\/uploads\/2017\/08\/PT130230-113x150.jpg 113w, https:\/\/www.ulkoilutankameraa.fi\/blog\/wp-content\/uploads\/2017\/08\/PT130230-325x433.jpg 325w, https:\/\/www.ulkoilutankameraa.fi\/blog\/wp-content\/uploads\/2017\/08\/PT130230-678x904.jpg 678w\" sizes=\"auto, (max-width: 750px) 100vw, 750px\" \/><\/a><\/p>\n","protected":false},"excerpt":{"rendered":"<p>Nuutaj\u00e4rvi on my\u00f6s paikka, jossa tulee k\u00e4yty\u00e4 joka kes\u00e4 &#8211; viime kes\u00e4 j\u00e4i kyll\u00e4 v\u00e4liin &#8211; kes\u00e4n\u00e4yttelyss\u00e4. T\u00e4m\u00e4n kes\u00e4n teema oli Syd\u00e4men puolella &#8211; Korut ja kunniamerkit. N\u00e4iss\u00e4 n\u00e4yttelyiss\u00e4 tulee useimmiten ihmetelty\u00e4 ja ihasteltua lasin monipuolisuutta, miten sill\u00e4 on enemm\u00e4n ulottuvuuksia kuin maalauksella tai veistoksella. Sen heijastukset, l\u00e4pin\u00e4kyvyys, v\u00e4ri, varjot, varjon v\u00e4rit, el\u00e4vyys. Monessa ty\u00f6ss\u00e4 [&hellip;]<\/p>\n","protected":false},"author":1,"featured_media":0,"comment_status":"open","ping_status":"open","sticky":false,"template":"","format":"standard","meta":{"footnotes":""},"categories":[1],"tags":[23,25,45,22],"class_list":["post-4118","post","type-post","status-publish","format-standard","hentry","category-uncategorized","tag-art","tag-nayttelyt","tag-nuutajarvi","tag-taide","content-columns-1"],"_links":{"self":[{"href":"https:\/\/www.ulkoilutankameraa.fi\/blog\/index.php?rest_route=\/wp\/v2\/posts\/4118","targetHints":{"allow":["GET"]}}],"collection":[{"href":"https:\/\/www.ulkoilutankameraa.fi\/blog\/index.php?rest_route=\/wp\/v2\/posts"}],"about":[{"href":"https:\/\/www.ulkoilutankameraa.fi\/blog\/index.php?rest_route=\/wp\/v2\/types\/post"}],"author":[{"embeddable":true,"href":"https:\/\/www.ulkoilutankameraa.fi\/blog\/index.php?rest_route=\/wp\/v2\/users\/1"}],"replies":[{"embeddable":true,"href":"https:\/\/www.ulkoilutankameraa.fi\/blog\/index.php?rest_route=%2Fwp%2Fv2%2Fcomments&post=4118"}],"version-history":[{"count":1,"href":"https:\/\/www.ulkoilutankameraa.fi\/blog\/index.php?rest_route=\/wp\/v2\/posts\/4118\/revisions"}],"predecessor-version":[{"id":4119,"href":"https:\/\/www.ulkoilutankameraa.fi\/blog\/index.php?rest_route=\/wp\/v2\/posts\/4118\/revisions\/4119"}],"wp:attachment":[{"href":"https:\/\/www.ulkoilutankameraa.fi\/blog\/index.php?rest_route=%2Fwp%2Fv2%2Fmedia&parent=4118"}],"wp:term":[{"taxonomy":"category","embeddable":true,"href":"https:\/\/www.ulkoilutankameraa.fi\/blog\/index.php?rest_route=%2Fwp%2Fv2%2Fcategories&post=4118"},{"taxonomy":"post_tag","embeddable":true,"href":"https:\/\/www.ulkoilutankameraa.fi\/blog\/index.php?rest_route=%2Fwp%2Fv2%2Ftags&post=4118"}],"curies":[{"name":"wp","href":"https:\/\/api.w.org\/{rel}","templated":true}]}}