{"id":4180,"date":"2017-08-25T22:09:37","date_gmt":"2017-08-25T19:09:37","guid":{"rendered":"http:\/\/www.ulkoilutankameraa.fi\/blog\/?p=4180"},"modified":"2017-08-25T22:10:03","modified_gmt":"2017-08-25T19:10:03","slug":"tie-kanta-hameessa","status":"publish","type":"post","link":"https:\/\/www.ulkoilutankameraa.fi\/blog\/?p=4180","title":{"rendered":"Tie Kanta-H\u00e4meess\u00e4"},"content":{"rendered":"<p>Tie vei t\u00e4n\u00e4\u00e4n H\u00e4meenlinnaan ja takaisin. H\u00e4meenlinnassa taidemuseossa Werner Holmberg ja Yhteiset kuvamme. Holmbergin kohdalla kateeksi k\u00e4y, miten h\u00e4n saikin sen valon aina osumaan just siihen mihin kuuluukin. Miten mets\u00e4ss\u00e4 ja puussa sattuikin olemaan reik\u00e4 just siin\u00e4 kohdassa. Holmberg kuoli jo 30-vuotiaana. Siit\u00e4 huolimatta ehti kierrell\u00e4 paljon Eurooppaa ja Suomea ja tehd\u00e4 useita klassikkoja. Tie H\u00e4meess\u00e4 ty\u00f6t\u00e4 ei t\u00e4h\u00e4n n\u00e4yttelyyn oltu saatu. Toisessa rakennuksessa on esill\u00e4 kuvia taidemuseon omista ja muista h\u00e4m\u00e4l\u00e4isist\u00e4 kokoelmista. Kattava setti suomalaista taidetta. Ei varsinaista teemaa, paljon katsottavaa.<\/p>\n<p>Taidemuseolla on hienot kokoelmat ja niist\u00e4 saa varmasti viel\u00e4 monta n\u00e4yttely\u00e4 kun laittaa v\u00e4h\u00e4n omista ja lainaa muilta loput. Harmittavaa onkin, ett\u00e4 n\u00e4ytttelytilana oleva vanhempi rakennus on aika vanhanaikainen. Pime\u00e4t salit ja ty\u00f6t valaistu ledeill\u00e4. Monen ty\u00f6n kohdalla jos ty\u00f6t\u00e4 haluaa tarkastella tarkemmin muodostuu j\u00e4rkytt\u00e4v\u00e4 varjo. Monessa isossakin ty\u00f6ss\u00e4 voi olla ihan pikkiriikkisi\u00e4 yksityiskohtia, joita ei kolmen metrin p\u00e4\u00e4st\u00e4 erota. Miksi ne siihen olisi maalattu ellei katseltavaksi. Alakerrassa kamera on no-no, mutta yl\u00e4kerrassa vastaavaa tarraa en huomannut. Yl\u00e4kerrassa on hopeinen reunaviiva, jota ei saa ylitt\u00e4\u00e4 (vaikka ty\u00f6t oli suojattu lasilla), alakerrassa ei ole. Sitten ne hyv\u00e4\u00e4 tarkoittavat vartijat vai mit\u00e4 ovat. Yksi vartija kun liikkuu jatkuvasti huoneesta toiseen niin tulee sellainen olo, ett\u00e4 olisi jotain pahaa tekem\u00e4ss\u00e4, ahdistavaa. Toisessa rakennuksessa taas. Ilmaa ja valoa riitt\u00e4\u00e4 ja vartija voi hanskata yhdell\u00e4 silm\u00e4yksell\u00e4 koko salin. Valaistuksesta en voi olla mainitsematta viimevuotista Ester Heleniuksen n\u00e4yttely\u00e4. Esill\u00e4 oli yhten\u00e4 h\u00e4nen p\u00e4\u00e4ty\u00f6n\u00e4\u00e4n pidetty Yksin\u00e4inen kalla. Ajattelin, ett\u00e4 kuinka noin ruma ty\u00f6 voi olla h\u00e4nen parhaimpiaan. My\u00f6hemmin syksyll\u00e4 sama n\u00e4yttely tuli Saloon. Sama ty\u00f6, kuin uudelleen maalattuna. V\u00e4rit olivat aivan erilaiset. Nyt ymm\u00e4rr\u00e4n paremmin.<\/p>\n<p>No sain punasyyskorennon ja sitten jatkoimme Riihim\u00e4elle. <a href=\"http:\/\/www.riihimaki.fi\/tapahtuma\/59192\/\" target=\"_blank\" rel=\"noopener\">Riihim\u00e4en taidemuseossa<\/a> museon omista kokoelmista Taiteilijattaret. T\u00e4m\u00e4n museon henki ja el\u00e4m\u00e4 on Tatjana ja Pentti W\u00e4h\u00e4j\u00e4rven lahjoittama kokoelma. Niist\u00e4 on saatu aikaan hyvin edustava suomalaisten naistaiteilijoiden n\u00e4yttely. Eih\u00e4n n\u00e4m\u00e4k\u00e4\u00e4n tilat nyt varsinaisesti mitk\u00e4\u00e4n taiden\u00e4yttelytilat ole, mutta rauhassa sai kulkea. N\u00e4in\u00e4 aikoina on hienoa jos julkinen sektori saa pit\u00e4\u00e4 edes auki jonkun kulttuurikohteen.<\/p>\n<p>Riihim\u00e4ell\u00e4 oli &#8211; kuinka ollakaan &#8211; esill\u00e4 my\u00f6s Antti Leinosen mets\u00e4peurakuvia, Mets\u00e4stysmuseossa. Kuinka ollakaan &#8211; olen t\u00e4n\u00e4 kes\u00e4n\u00e4 ostanut kaksi Leinosen mets\u00e4peurakirjaa. Toisen kirpputorilta ja toisen alennuskirjakaupasta. Mukavahan sit\u00e4 oli katsoa kuvia v\u00e4h\u00e4n isompinakin. Kuvia t\u00e4ydensiv\u00e4t kattavat tekstit.<\/p>\n<p>Samassa pihapiiriss\u00e4 Mets\u00e4stysmuseon kanssa on Suomen lasimuseo. Siell\u00e4p\u00e4 oli esill\u00e4 Suomi100 teeman mukaisesti 100 tarinaa lasista. En tied\u00e4 miten oli ker\u00e4tty. Idea oli ihan hauska ja osa tarinoistakin. Sata oli siin\u00e4 vaiheessa p\u00e4iv\u00e4\u00e4 jo aika paljon, varsinkin kun alakerran kahvila antoi aika tylyt pakit, jonka vuoksi energiatasoni alkoi olla jo punaisemmalla kuin Iittalan pallo tai pihlajanmarjat.<\/p>\n<p><a href=\"http:\/\/www.ulkoilutankameraa.fi\/blog\/wp-content\/uploads\/2017\/08\/PT250527.jpg\"><img loading=\"lazy\" decoding=\"async\" class=\"alignleft size-full wp-image-4175\" src=\"http:\/\/www.ulkoilutankameraa.fi\/blog\/wp-content\/uploads\/2017\/08\/PT250527.jpg\" alt=\"\" width=\"1600\" height=\"1200\" srcset=\"https:\/\/www.ulkoilutankameraa.fi\/blog\/wp-content\/uploads\/2017\/08\/PT250527.jpg 1600w, https:\/\/www.ulkoilutankameraa.fi\/blog\/wp-content\/uploads\/2017\/08\/PT250527-150x113.jpg 150w, https:\/\/www.ulkoilutankameraa.fi\/blog\/wp-content\/uploads\/2017\/08\/PT250527-325x244.jpg 325w, https:\/\/www.ulkoilutankameraa.fi\/blog\/wp-content\/uploads\/2017\/08\/PT250527-1024x768.jpg 1024w, https:\/\/www.ulkoilutankameraa.fi\/blog\/wp-content\/uploads\/2017\/08\/PT250527-904x678.jpg 904w\" sizes=\"auto, (max-width: 1600px) 100vw, 1600px\" \/><\/a><\/p>\n<p>&#8211;<\/p>\n<p>&nbsp;<\/p>\n<p><a href=\"http:\/\/www.ulkoilutankameraa.fi\/blog\/wp-content\/uploads\/2017\/08\/PT250534.jpg\"><img loading=\"lazy\" decoding=\"async\" class=\"alignleft size-full wp-image-4176\" src=\"http:\/\/www.ulkoilutankameraa.fi\/blog\/wp-content\/uploads\/2017\/08\/PT250534.jpg\" alt=\"\" width=\"1600\" height=\"1200\" srcset=\"https:\/\/www.ulkoilutankameraa.fi\/blog\/wp-content\/uploads\/2017\/08\/PT250534.jpg 1600w, https:\/\/www.ulkoilutankameraa.fi\/blog\/wp-content\/uploads\/2017\/08\/PT250534-150x113.jpg 150w, https:\/\/www.ulkoilutankameraa.fi\/blog\/wp-content\/uploads\/2017\/08\/PT250534-325x244.jpg 325w, https:\/\/www.ulkoilutankameraa.fi\/blog\/wp-content\/uploads\/2017\/08\/PT250534-1024x768.jpg 1024w, https:\/\/www.ulkoilutankameraa.fi\/blog\/wp-content\/uploads\/2017\/08\/PT250534-904x678.jpg 904w\" sizes=\"auto, (max-width: 1600px) 100vw, 1600px\" \/><\/a><\/p>\n<p>&#8211;<\/p>\n<p><a href=\"http:\/\/www.ulkoilutankameraa.fi\/blog\/wp-content\/uploads\/2017\/08\/PT250560.jpg\"><img loading=\"lazy\" decoding=\"async\" class=\"alignleft size-full wp-image-4177\" src=\"http:\/\/www.ulkoilutankameraa.fi\/blog\/wp-content\/uploads\/2017\/08\/PT250560.jpg\" alt=\"\" width=\"1600\" height=\"1200\" srcset=\"https:\/\/www.ulkoilutankameraa.fi\/blog\/wp-content\/uploads\/2017\/08\/PT250560.jpg 1600w, https:\/\/www.ulkoilutankameraa.fi\/blog\/wp-content\/uploads\/2017\/08\/PT250560-150x113.jpg 150w, https:\/\/www.ulkoilutankameraa.fi\/blog\/wp-content\/uploads\/2017\/08\/PT250560-325x244.jpg 325w, https:\/\/www.ulkoilutankameraa.fi\/blog\/wp-content\/uploads\/2017\/08\/PT250560-1024x768.jpg 1024w, https:\/\/www.ulkoilutankameraa.fi\/blog\/wp-content\/uploads\/2017\/08\/PT250560-904x678.jpg 904w\" sizes=\"auto, (max-width: 1600px) 100vw, 1600px\" \/><\/a><\/p>\n<p>&#8211;<\/p>\n<p><a href=\"http:\/\/www.ulkoilutankameraa.fi\/blog\/wp-content\/uploads\/2017\/08\/PT250564.jpg\"><img loading=\"lazy\" decoding=\"async\" class=\"alignleft size-full wp-image-4178\" src=\"http:\/\/www.ulkoilutankameraa.fi\/blog\/wp-content\/uploads\/2017\/08\/PT250564.jpg\" alt=\"\" width=\"1600\" height=\"1200\" srcset=\"https:\/\/www.ulkoilutankameraa.fi\/blog\/wp-content\/uploads\/2017\/08\/PT250564.jpg 1600w, https:\/\/www.ulkoilutankameraa.fi\/blog\/wp-content\/uploads\/2017\/08\/PT250564-150x113.jpg 150w, https:\/\/www.ulkoilutankameraa.fi\/blog\/wp-content\/uploads\/2017\/08\/PT250564-325x244.jpg 325w, https:\/\/www.ulkoilutankameraa.fi\/blog\/wp-content\/uploads\/2017\/08\/PT250564-1024x768.jpg 1024w, https:\/\/www.ulkoilutankameraa.fi\/blog\/wp-content\/uploads\/2017\/08\/PT250564-904x678.jpg 904w\" sizes=\"auto, (max-width: 1600px) 100vw, 1600px\" \/><\/a><\/p>\n<p>&#8211;<\/p>\n<p><a href=\"http:\/\/www.ulkoilutankameraa.fi\/blog\/wp-content\/uploads\/2017\/08\/PT250566.jpg\"><img loading=\"lazy\" decoding=\"async\" class=\"alignleft size-full wp-image-4179\" src=\"http:\/\/www.ulkoilutankameraa.fi\/blog\/wp-content\/uploads\/2017\/08\/PT250566.jpg\" alt=\"\" width=\"1600\" height=\"1200\" srcset=\"https:\/\/www.ulkoilutankameraa.fi\/blog\/wp-content\/uploads\/2017\/08\/PT250566.jpg 1600w, https:\/\/www.ulkoilutankameraa.fi\/blog\/wp-content\/uploads\/2017\/08\/PT250566-150x113.jpg 150w, https:\/\/www.ulkoilutankameraa.fi\/blog\/wp-content\/uploads\/2017\/08\/PT250566-325x244.jpg 325w, https:\/\/www.ulkoilutankameraa.fi\/blog\/wp-content\/uploads\/2017\/08\/PT250566-1024x768.jpg 1024w, https:\/\/www.ulkoilutankameraa.fi\/blog\/wp-content\/uploads\/2017\/08\/PT250566-904x678.jpg 904w\" sizes=\"auto, (max-width: 1600px) 100vw, 1600px\" \/><\/a><\/p>\n<p>&nbsp;<\/p>\n","protected":false},"excerpt":{"rendered":"<p>Tie vei t\u00e4n\u00e4\u00e4n H\u00e4meenlinnaan ja takaisin. H\u00e4meenlinnassa taidemuseossa Werner Holmberg ja Yhteiset kuvamme. Holmbergin kohdalla kateeksi k\u00e4y, miten h\u00e4n saikin sen valon aina osumaan just siihen mihin kuuluukin. Miten mets\u00e4ss\u00e4 ja puussa sattuikin olemaan reik\u00e4 just siin\u00e4 kohdassa. Holmberg kuoli jo 30-vuotiaana. Siit\u00e4 huolimatta ehti kierrell\u00e4 paljon Eurooppaa ja Suomea ja tehd\u00e4 useita klassikkoja. Tie [&hellip;]<\/p>\n","protected":false},"author":1,"featured_media":0,"comment_status":"open","ping_status":"open","sticky":false,"template":"","format":"standard","meta":{"footnotes":""},"categories":[1],"tags":[],"class_list":["post-4180","post","type-post","status-publish","format-standard","hentry","category-uncategorized","content-columns-1"],"_links":{"self":[{"href":"https:\/\/www.ulkoilutankameraa.fi\/blog\/index.php?rest_route=\/wp\/v2\/posts\/4180","targetHints":{"allow":["GET"]}}],"collection":[{"href":"https:\/\/www.ulkoilutankameraa.fi\/blog\/index.php?rest_route=\/wp\/v2\/posts"}],"about":[{"href":"https:\/\/www.ulkoilutankameraa.fi\/blog\/index.php?rest_route=\/wp\/v2\/types\/post"}],"author":[{"embeddable":true,"href":"https:\/\/www.ulkoilutankameraa.fi\/blog\/index.php?rest_route=\/wp\/v2\/users\/1"}],"replies":[{"embeddable":true,"href":"https:\/\/www.ulkoilutankameraa.fi\/blog\/index.php?rest_route=%2Fwp%2Fv2%2Fcomments&post=4180"}],"version-history":[{"count":2,"href":"https:\/\/www.ulkoilutankameraa.fi\/blog\/index.php?rest_route=\/wp\/v2\/posts\/4180\/revisions"}],"predecessor-version":[{"id":4182,"href":"https:\/\/www.ulkoilutankameraa.fi\/blog\/index.php?rest_route=\/wp\/v2\/posts\/4180\/revisions\/4182"}],"wp:attachment":[{"href":"https:\/\/www.ulkoilutankameraa.fi\/blog\/index.php?rest_route=%2Fwp%2Fv2%2Fmedia&parent=4180"}],"wp:term":[{"taxonomy":"category","embeddable":true,"href":"https:\/\/www.ulkoilutankameraa.fi\/blog\/index.php?rest_route=%2Fwp%2Fv2%2Fcategories&post=4180"},{"taxonomy":"post_tag","embeddable":true,"href":"https:\/\/www.ulkoilutankameraa.fi\/blog\/index.php?rest_route=%2Fwp%2Fv2%2Ftags&post=4180"}],"curies":[{"name":"wp","href":"https:\/\/api.w.org\/{rel}","templated":true}]}}