{"id":4188,"date":"2017-08-27T21:31:58","date_gmt":"2017-08-27T18:31:58","guid":{"rendered":"http:\/\/www.ulkoilutankameraa.fi\/blog\/?p=4188"},"modified":"2017-08-27T21:31:58","modified_gmt":"2017-08-27T18:31:58","slug":"vuohijarven-luonto-ja-kulttuuritalo","status":"publish","type":"post","link":"https:\/\/www.ulkoilutankameraa.fi\/blog\/?p=4188","title":{"rendered":"Vuohij\u00e4rven luonto- ja kulttuuritalo"},"content":{"rendered":"<p>T\u00e4n\u00e4\u00e4n oltiinkin mie sie seudulla eli Kaakkois-Suomessa, Kouvolassa. Ik\u00e4n\u00e4 <a href=\"http:\/\/kulttuurivuohijarvi.fi\/info\/\" target=\"_blank\" rel=\"noopener\">tollasesta<\/a> paikasta ollut kuullutkaan. Oli miten oli, niin siell\u00e4 oli esill\u00e4 Markus Varesvuon lintukuvia, taisivat olla p\u00e4\u00e4asiassa h\u00e4nen uusimmasta kirjastaan. Kirjan hankin jokin aika sitten, joka onkin varsin vaikuttava kuviltaan ja laadultaan. Olikin hienoa n\u00e4hd\u00e4 kuvat nelj\u00e4 kertaa isompina ja todeta, ett\u00e4 laatu ei k\u00e4rsinyt lainkaan ja katselu oli viel\u00e4 nautittavampaa. N\u00e4yttelyn nimi Selviytyj\u00e4t liittyy jotenkin Suomi100 teemaan ja kuvaa jotenkin suomalaisten el\u00e4inten selviytymist\u00e4. Kuvat nyt eiv\u00e4t ihan 100%:sti t\u00e4h\u00e4n teemaan menneet, mutta mit\u00e4 pienist\u00e4. N\u00e4yttelyss\u00e4 oli esill\u00e4 my\u00f6s Jussi M\u00e4ntysen veistoksia ja Minna Pyyk\u00f6n maalauksia. Valitettavasti h\u00e4ik\u00e4istyin valokuvista niin, ett\u00e4 muu j\u00e4i v\u00e4hemm\u00e4lle katsomiselle.<\/p>\n<p>Paluumatkalla poikkesimme Verlaan. Siell\u00e4 oli Lassi Kujalan t\u00f6it\u00e4 yksi ladollinen. Lassin ep\u00e4onneksi meid\u00e4n kierros meni v\u00e4\u00e4rin p\u00e4in. Hienoja kuvia toki, mutta ei oikein tuon Varesvuon j\u00e4lkeen iskenyt. Kadehdittavan hieno kuvausymp\u00e4rist\u00f6 ja -seutu, josta moni kuvista olikin saanut inspiraationsa.<\/p>\n<p>Verlassa n\u00e4in my\u00f6s el\u00e4m\u00e4ni ensimm\u00e4isen kerran kalliomaalauksen. Jonkun aikaa sit\u00e4 joutui etsim\u00e4\u00e4n ja osa siit\u00e4 hahmottuikin kun sen kerran onnistui n\u00e4kem\u00e4\u00e4n.<\/p>\n<p><a href=\"http:\/\/www.ulkoilutankameraa.fi\/blog\/wp-content\/uploads\/2017\/08\/PT270601.jpg\"><img loading=\"lazy\" decoding=\"async\" class=\"alignleft size-full wp-image-4185\" src=\"http:\/\/www.ulkoilutankameraa.fi\/blog\/wp-content\/uploads\/2017\/08\/PT270601.jpg\" alt=\"\" width=\"1000\" height=\"750\" srcset=\"https:\/\/www.ulkoilutankameraa.fi\/blog\/wp-content\/uploads\/2017\/08\/PT270601.jpg 1000w, https:\/\/www.ulkoilutankameraa.fi\/blog\/wp-content\/uploads\/2017\/08\/PT270601-150x113.jpg 150w, https:\/\/www.ulkoilutankameraa.fi\/blog\/wp-content\/uploads\/2017\/08\/PT270601-325x244.jpg 325w, https:\/\/www.ulkoilutankameraa.fi\/blog\/wp-content\/uploads\/2017\/08\/PT270601-904x678.jpg 904w\" sizes=\"auto, (max-width: 1000px) 100vw, 1000px\" \/><\/a><\/p>\n<p>&#8211;<\/p>\n<p><a href=\"http:\/\/www.ulkoilutankameraa.fi\/blog\/wp-content\/uploads\/2017\/08\/PT270579.jpg\"><img loading=\"lazy\" decoding=\"async\" class=\"alignleft size-full wp-image-4184\" src=\"http:\/\/www.ulkoilutankameraa.fi\/blog\/wp-content\/uploads\/2017\/08\/PT270579.jpg\" alt=\"\" width=\"750\" height=\"1000\" srcset=\"https:\/\/www.ulkoilutankameraa.fi\/blog\/wp-content\/uploads\/2017\/08\/PT270579.jpg 750w, https:\/\/www.ulkoilutankameraa.fi\/blog\/wp-content\/uploads\/2017\/08\/PT270579-113x150.jpg 113w, https:\/\/www.ulkoilutankameraa.fi\/blog\/wp-content\/uploads\/2017\/08\/PT270579-325x433.jpg 325w, https:\/\/www.ulkoilutankameraa.fi\/blog\/wp-content\/uploads\/2017\/08\/PT270579-678x904.jpg 678w\" sizes=\"auto, (max-width: 750px) 100vw, 750px\" \/><\/a><\/p>\n<p>&#8211;<\/p>\n<p><a href=\"http:\/\/www.ulkoilutankameraa.fi\/blog\/wp-content\/uploads\/2017\/08\/PT270609a.jpg\"><img loading=\"lazy\" decoding=\"async\" class=\"alignleft size-full wp-image-4186\" src=\"http:\/\/www.ulkoilutankameraa.fi\/blog\/wp-content\/uploads\/2017\/08\/PT270609a.jpg\" alt=\"\" width=\"1000\" height=\"750\" srcset=\"https:\/\/www.ulkoilutankameraa.fi\/blog\/wp-content\/uploads\/2017\/08\/PT270609a.jpg 1000w, https:\/\/www.ulkoilutankameraa.fi\/blog\/wp-content\/uploads\/2017\/08\/PT270609a-150x113.jpg 150w, https:\/\/www.ulkoilutankameraa.fi\/blog\/wp-content\/uploads\/2017\/08\/PT270609a-325x244.jpg 325w, https:\/\/www.ulkoilutankameraa.fi\/blog\/wp-content\/uploads\/2017\/08\/PT270609a-904x678.jpg 904w\" sizes=\"auto, (max-width: 1000px) 100vw, 1000px\" \/><\/a><\/p>\n<p>&#8211;<\/p>\n<p><a href=\"http:\/\/www.ulkoilutankameraa.fi\/blog\/wp-content\/uploads\/2017\/08\/PT270622.jpg\"><img loading=\"lazy\" decoding=\"async\" class=\"alignleft size-full wp-image-4187\" src=\"http:\/\/www.ulkoilutankameraa.fi\/blog\/wp-content\/uploads\/2017\/08\/PT270622.jpg\" alt=\"\" width=\"1000\" height=\"750\" srcset=\"https:\/\/www.ulkoilutankameraa.fi\/blog\/wp-content\/uploads\/2017\/08\/PT270622.jpg 1000w, https:\/\/www.ulkoilutankameraa.fi\/blog\/wp-content\/uploads\/2017\/08\/PT270622-150x113.jpg 150w, https:\/\/www.ulkoilutankameraa.fi\/blog\/wp-content\/uploads\/2017\/08\/PT270622-325x244.jpg 325w, https:\/\/www.ulkoilutankameraa.fi\/blog\/wp-content\/uploads\/2017\/08\/PT270622-904x678.jpg 904w\" sizes=\"auto, (max-width: 1000px) 100vw, 1000px\" \/><\/a><\/p>\n","protected":false},"excerpt":{"rendered":"<p>T\u00e4n\u00e4\u00e4n oltiinkin mie sie seudulla eli Kaakkois-Suomessa, Kouvolassa. Ik\u00e4n\u00e4 tollasesta paikasta ollut kuullutkaan. Oli miten oli, niin siell\u00e4 oli esill\u00e4 Markus Varesvuon lintukuvia, taisivat olla p\u00e4\u00e4asiassa h\u00e4nen uusimmasta kirjastaan. Kirjan hankin jokin aika sitten, joka onkin varsin vaikuttava kuviltaan ja laadultaan. Olikin hienoa n\u00e4hd\u00e4 kuvat nelj\u00e4 kertaa isompina ja todeta, ett\u00e4 laatu ei k\u00e4rsinyt lainkaan [&hellip;]<\/p>\n","protected":false},"author":1,"featured_media":0,"comment_status":"open","ping_status":"open","sticky":false,"template":"","format":"standard","meta":{"footnotes":""},"categories":[1],"tags":[],"class_list":["post-4188","post","type-post","status-publish","format-standard","hentry","category-uncategorized","content-columns-1"],"_links":{"self":[{"href":"https:\/\/www.ulkoilutankameraa.fi\/blog\/index.php?rest_route=\/wp\/v2\/posts\/4188","targetHints":{"allow":["GET"]}}],"collection":[{"href":"https:\/\/www.ulkoilutankameraa.fi\/blog\/index.php?rest_route=\/wp\/v2\/posts"}],"about":[{"href":"https:\/\/www.ulkoilutankameraa.fi\/blog\/index.php?rest_route=\/wp\/v2\/types\/post"}],"author":[{"embeddable":true,"href":"https:\/\/www.ulkoilutankameraa.fi\/blog\/index.php?rest_route=\/wp\/v2\/users\/1"}],"replies":[{"embeddable":true,"href":"https:\/\/www.ulkoilutankameraa.fi\/blog\/index.php?rest_route=%2Fwp%2Fv2%2Fcomments&post=4188"}],"version-history":[{"count":1,"href":"https:\/\/www.ulkoilutankameraa.fi\/blog\/index.php?rest_route=\/wp\/v2\/posts\/4188\/revisions"}],"predecessor-version":[{"id":4189,"href":"https:\/\/www.ulkoilutankameraa.fi\/blog\/index.php?rest_route=\/wp\/v2\/posts\/4188\/revisions\/4189"}],"wp:attachment":[{"href":"https:\/\/www.ulkoilutankameraa.fi\/blog\/index.php?rest_route=%2Fwp%2Fv2%2Fmedia&parent=4188"}],"wp:term":[{"taxonomy":"category","embeddable":true,"href":"https:\/\/www.ulkoilutankameraa.fi\/blog\/index.php?rest_route=%2Fwp%2Fv2%2Fcategories&post=4188"},{"taxonomy":"post_tag","embeddable":true,"href":"https:\/\/www.ulkoilutankameraa.fi\/blog\/index.php?rest_route=%2Fwp%2Fv2%2Ftags&post=4188"}],"curies":[{"name":"wp","href":"https:\/\/api.w.org\/{rel}","templated":true}]}}