{"id":419,"date":"2013-04-30T15:00:31","date_gmt":"2013-04-30T12:00:31","guid":{"rendered":"http:\/\/www.ulkoilutankameraa.fi\/blog\/?p=419"},"modified":"2013-07-08T12:09:32","modified_gmt":"2013-07-08T09:09:32","slug":"museo-nacional-centro-de-arte-reina-sofia-mncars","status":"publish","type":"post","link":"https:\/\/www.ulkoilutankameraa.fi\/blog\/?p=419","title":{"rendered":"Museo Nacional Centro de Arte Reina Sof\u00eda (MNCARS)"},"content":{"rendered":"<p>V\u00e4liaikaisena valokuvan\u00e4yttelyn\u00e4 oli Robert Adamsin retrospektiivi The Place We Live.<\/p>\n<p>Temporary photography exhibiotion was Robert Adams retrospective The Place we Live<\/p>\n<p><img loading=\"lazy\" decoding=\"async\" class=\"alignleft size-full wp-image-418\" alt=\"OLYMPUS DIGITAL CAMERA\" src=\"http:\/\/www.ulkoilutankameraa.fi\/blog\/wp-content\/uploads\/2013\/04\/P4190104.jpg\" width=\"1024\" height=\"768\" srcset=\"https:\/\/www.ulkoilutankameraa.fi\/blog\/wp-content\/uploads\/2013\/04\/P4190104.jpg 1024w, https:\/\/www.ulkoilutankameraa.fi\/blog\/wp-content\/uploads\/2013\/04\/P4190104-150x112.jpg 150w, https:\/\/www.ulkoilutankameraa.fi\/blog\/wp-content\/uploads\/2013\/04\/P4190104-325x243.jpg 325w, https:\/\/www.ulkoilutankameraa.fi\/blog\/wp-content\/uploads\/2013\/04\/P4190104-650x487.jpg 650w, https:\/\/www.ulkoilutankameraa.fi\/blog\/wp-content\/uploads\/2013\/04\/P4190104-624x468.jpg 624w\" sizes=\"auto, (max-width: 1024px) 100vw, 1024px\" \/> <img loading=\"lazy\" decoding=\"async\" class=\"alignleft size-full wp-image-417\" alt=\"OLYMPUS DIGITAL CAMERA\" src=\"http:\/\/www.ulkoilutankameraa.fi\/blog\/wp-content\/uploads\/2013\/04\/P4190094.jpg\" width=\"1024\" height=\"768\" srcset=\"https:\/\/www.ulkoilutankameraa.fi\/blog\/wp-content\/uploads\/2013\/04\/P4190094.jpg 1024w, https:\/\/www.ulkoilutankameraa.fi\/blog\/wp-content\/uploads\/2013\/04\/P4190094-150x112.jpg 150w, https:\/\/www.ulkoilutankameraa.fi\/blog\/wp-content\/uploads\/2013\/04\/P4190094-325x243.jpg 325w, https:\/\/www.ulkoilutankameraa.fi\/blog\/wp-content\/uploads\/2013\/04\/P4190094-650x487.jpg 650w, https:\/\/www.ulkoilutankameraa.fi\/blog\/wp-content\/uploads\/2013\/04\/P4190094-624x468.jpg 624w\" sizes=\"auto, (max-width: 1024px) 100vw, 1024px\" \/> <img loading=\"lazy\" decoding=\"async\" class=\"alignleft size-full wp-image-416\" alt=\"OLYMPUS DIGITAL CAMERA\" src=\"http:\/\/www.ulkoilutankameraa.fi\/blog\/wp-content\/uploads\/2013\/04\/P4190085.jpg\" width=\"1024\" height=\"768\" srcset=\"https:\/\/www.ulkoilutankameraa.fi\/blog\/wp-content\/uploads\/2013\/04\/P4190085.jpg 1024w, https:\/\/www.ulkoilutankameraa.fi\/blog\/wp-content\/uploads\/2013\/04\/P4190085-150x112.jpg 150w, https:\/\/www.ulkoilutankameraa.fi\/blog\/wp-content\/uploads\/2013\/04\/P4190085-325x243.jpg 325w, https:\/\/www.ulkoilutankameraa.fi\/blog\/wp-content\/uploads\/2013\/04\/P4190085-650x487.jpg 650w, https:\/\/www.ulkoilutankameraa.fi\/blog\/wp-content\/uploads\/2013\/04\/P4190085-624x468.jpg 624w\" sizes=\"auto, (max-width: 1024px) 100vw, 1024px\" \/><\/p>\n","protected":false},"excerpt":{"rendered":"<p>V\u00e4liaikaisena valokuvan\u00e4yttelyn\u00e4 oli Robert Adamsin retrospektiivi The Place We Live. Temporary photography exhibiotion was Robert Adams retrospective The Place we Live<\/p>\n","protected":false},"author":1,"featured_media":0,"comment_status":"open","ping_status":"open","sticky":false,"template":"","format":"standard","meta":{"footnotes":""},"categories":[1],"tags":[58,56,19,21,57],"class_list":["post-419","post","type-post","status-publish","format-standard","hentry","category-uncategorized","tag-buildings","tag-madrid","tag-museo","tag-museum","tag-rakennukset"],"_links":{"self":[{"href":"https:\/\/www.ulkoilutankameraa.fi\/blog\/index.php?rest_route=\/wp\/v2\/posts\/419","targetHints":{"allow":["GET"]}}],"collection":[{"href":"https:\/\/www.ulkoilutankameraa.fi\/blog\/index.php?rest_route=\/wp\/v2\/posts"}],"about":[{"href":"https:\/\/www.ulkoilutankameraa.fi\/blog\/index.php?rest_route=\/wp\/v2\/types\/post"}],"author":[{"embeddable":true,"href":"https:\/\/www.ulkoilutankameraa.fi\/blog\/index.php?rest_route=\/wp\/v2\/users\/1"}],"replies":[{"embeddable":true,"href":"https:\/\/www.ulkoilutankameraa.fi\/blog\/index.php?rest_route=%2Fwp%2Fv2%2Fcomments&post=419"}],"version-history":[{"count":3,"href":"https:\/\/www.ulkoilutankameraa.fi\/blog\/index.php?rest_route=\/wp\/v2\/posts\/419\/revisions"}],"predecessor-version":[{"id":712,"href":"https:\/\/www.ulkoilutankameraa.fi\/blog\/index.php?rest_route=\/wp\/v2\/posts\/419\/revisions\/712"}],"wp:attachment":[{"href":"https:\/\/www.ulkoilutankameraa.fi\/blog\/index.php?rest_route=%2Fwp%2Fv2%2Fmedia&parent=419"}],"wp:term":[{"taxonomy":"category","embeddable":true,"href":"https:\/\/www.ulkoilutankameraa.fi\/blog\/index.php?rest_route=%2Fwp%2Fv2%2Fcategories&post=419"},{"taxonomy":"post_tag","embeddable":true,"href":"https:\/\/www.ulkoilutankameraa.fi\/blog\/index.php?rest_route=%2Fwp%2Fv2%2Ftags&post=419"}],"curies":[{"name":"wp","href":"https:\/\/api.w.org\/{rel}","templated":true}]}}