{"id":4412,"date":"2018-03-13T19:32:41","date_gmt":"2018-03-13T17:32:41","guid":{"rendered":"http:\/\/www.ulkoilutankameraa.fi\/blog\/?p=4412"},"modified":"2018-04-01T19:30:22","modified_gmt":"2018-04-01T16:30:22","slug":"turun-tarjontaa","status":"publish","type":"post","link":"https:\/\/www.ulkoilutankameraa.fi\/blog\/?p=4412","title":{"rendered":"Turun tarjontaa"},"content":{"rendered":"<p>T\u00e4m\u00e4h\u00e4n alkaa tulla tavaksi. Joka vuosi Turussa, jo toisen kerran t\u00e4n\u00e4 vuonna. Ensin tepsuteltiin Taidemuseoon. <a href=\"http:\/\/www.turuntaidemuseo.fi\/rut_bryk\/\" rel=\"noopener\" target=\"_blank\">Rut Bryk: Taikalaatikko<\/a>. N\u00e4m\u00e4 tuli n\u00e4hty\u00e4 jo Emmassa, jonkin verran laajemmassa n\u00e4yttelyss\u00e4. Monipuolinen taiteilija oli saatu hienosti esille, tiloista huolimatta. Positiivinen kokemus t\u00e4st\u00e4 j\u00e4i. <\/p>\n<p>Toinen kohde oli WAM ja siell\u00e4 oleva <a href=\"http:\/\/www.wam.fi\/uutinen\/2018-02-08_hannu-vaisanen-anna-ahmatovan-nelja-huonetta\" rel=\"noopener\" target=\"_blank\">Hannu V\u00e4is\u00e4nen: Anna Ahmatovan nelj\u00e4 huonetta<\/a>. N\u00e4yttelyn aikana tuli olo, ett\u00e4 nyt menee taas meik\u00e4l\u00e4iselt\u00e4 v\u00e4h\u00e4n yli. Ja niin taisi menn\u00e4kin. Teoksia katselun lomassa ja my\u00f6hemmin tehdyn googlettelun j\u00e4lkeen asiat alkoivat yhdisty\u00e4. Seuraavana p\u00e4iv\u00e4n\u00e4 kun tein muistikirjaani omaa versiotani Puninin takista, sai t\u00e4m\u00e4 n\u00e4yttely p\u00e4\u00e4t\u00f6ksens\u00e4. Koin n\u00e4yttelyn niin, ett\u00e4 loppujen lopuksi tutustuminen Anna Ahmatovan el\u00e4m\u00e4\u00e4n sek\u00e4 aikaan jota h\u00e4n eli oli n\u00e4yttelyn t\u00f6it\u00e4 isompi asia. Tuo aikakausi on ollut l\u00e4hell\u00e4 sek\u00e4 ajallisesti ett\u00e4 maantieteellisesti. Onko se jo p\u00e4\u00e4ttynyt?<\/p>\n<p><a data-flickr-embed=\"true\"  href=\"https:\/\/www.flickr.com\/photos\/129148357@N06\/26289629637\/in\/datetaken-public\/\" title=\"2018-04-01_07-25-08\"><img loading=\"lazy\" decoding=\"async\" src=\"https:\/\/farm1.staticflickr.com\/786\/26289629637_0637d7dfc2_b.jpg\" width=\"1024\" height=\"1024\" alt=\"2018-04-01_07-25-08\"><\/a><script async src=\"\/\/embedr.flickr.com\/assets\/client-code.js\" charset=\"utf-8\"><\/script><\/p>\n<p>Samalla tuli katsottua Periss\u00e4 oleva <a href=\"http:\/\/peri.fi\/2017\/11\/14\/marjaana-kella-superilluusio-ted-seriosin-ihmeellinen-maailma\/\" rel=\"noopener\" target=\"_blank\">Marjaana Kella \/ SUPERILLUUSIO: Ted Seriosin ihmeellinen maailma<\/a>. T\u00e4m\u00e4p\u00e4s olikin mielenkiintoinen juttu. En ollut ennen kuullutkaan. <\/p>\n<p><a data-flickr-embed=\"true\"  href=\"https:\/\/www.flickr.com\/photos\/129148357@N06\/39351910320\/in\/datetaken-public\/\" title=\"2018-04-01_07-26-54\"><img loading=\"lazy\" decoding=\"async\" src=\"https:\/\/farm1.staticflickr.com\/882\/39351910320_9e4c797a29_b.jpg\" width=\"790\" height=\"1024\" alt=\"2018-04-01_07-26-54\"><\/a><script async src=\"\/\/embedr.flickr.com\/assets\/client-code.js\" charset=\"utf-8\"><\/script><\/p>\n","protected":false},"excerpt":{"rendered":"<p>T\u00e4m\u00e4h\u00e4n alkaa tulla tavaksi. Joka vuosi Turussa, jo toisen kerran t\u00e4n\u00e4 vuonna. Ensin tepsuteltiin Taidemuseoon. Rut Bryk: Taikalaatikko. N\u00e4m\u00e4 tuli n\u00e4hty\u00e4 jo Emmassa, jonkin verran laajemmassa n\u00e4yttelyss\u00e4. Monipuolinen taiteilija oli saatu hienosti esille, tiloista huolimatta. Positiivinen kokemus t\u00e4st\u00e4 j\u00e4i. Toinen kohde oli WAM ja siell\u00e4 oleva Hannu V\u00e4is\u00e4nen: Anna Ahmatovan nelj\u00e4 huonetta. N\u00e4yttelyn aikana tuli [&hellip;]<\/p>\n","protected":false},"author":1,"featured_media":0,"comment_status":"open","ping_status":"open","sticky":false,"template":"","format":"standard","meta":{"footnotes":""},"categories":[1],"tags":[23,185,25,22,163],"class_list":["post-4412","post","type-post","status-publish","format-standard","hentry","category-uncategorized","tag-art","tag-exhibitions","tag-nayttelyt","tag-taide","tag-turku","content-columns-1"],"_links":{"self":[{"href":"https:\/\/www.ulkoilutankameraa.fi\/blog\/index.php?rest_route=\/wp\/v2\/posts\/4412","targetHints":{"allow":["GET"]}}],"collection":[{"href":"https:\/\/www.ulkoilutankameraa.fi\/blog\/index.php?rest_route=\/wp\/v2\/posts"}],"about":[{"href":"https:\/\/www.ulkoilutankameraa.fi\/blog\/index.php?rest_route=\/wp\/v2\/types\/post"}],"author":[{"embeddable":true,"href":"https:\/\/www.ulkoilutankameraa.fi\/blog\/index.php?rest_route=\/wp\/v2\/users\/1"}],"replies":[{"embeddable":true,"href":"https:\/\/www.ulkoilutankameraa.fi\/blog\/index.php?rest_route=%2Fwp%2Fv2%2Fcomments&post=4412"}],"version-history":[{"count":5,"href":"https:\/\/www.ulkoilutankameraa.fi\/blog\/index.php?rest_route=\/wp\/v2\/posts\/4412\/revisions"}],"predecessor-version":[{"id":4437,"href":"https:\/\/www.ulkoilutankameraa.fi\/blog\/index.php?rest_route=\/wp\/v2\/posts\/4412\/revisions\/4437"}],"wp:attachment":[{"href":"https:\/\/www.ulkoilutankameraa.fi\/blog\/index.php?rest_route=%2Fwp%2Fv2%2Fmedia&parent=4412"}],"wp:term":[{"taxonomy":"category","embeddable":true,"href":"https:\/\/www.ulkoilutankameraa.fi\/blog\/index.php?rest_route=%2Fwp%2Fv2%2Fcategories&post=4412"},{"taxonomy":"post_tag","embeddable":true,"href":"https:\/\/www.ulkoilutankameraa.fi\/blog\/index.php?rest_route=%2Fwp%2Fv2%2Ftags&post=4412"}],"curies":[{"name":"wp","href":"https:\/\/api.w.org\/{rel}","templated":true}]}}