{"id":4463,"date":"2018-04-25T21:00:09","date_gmt":"2018-04-25T18:00:09","guid":{"rendered":"http:\/\/www.ulkoilutankameraa.fi\/blog\/?p=4463"},"modified":"2018-04-25T21:00:09","modified_gmt":"2018-04-25T18:00:09","slug":"sarestoniemimuseo","status":"publish","type":"post","link":"https:\/\/www.ulkoilutankameraa.fi\/blog\/?p=4463","title":{"rendered":"S\u00e4rest\u00f6niemimuseo"},"content":{"rendered":"<p>Tuli kuin tulikin t\u00e4lle lomalle pieni kulttuuriannos. En ollut etuk\u00e4teen tarkastanut, ett\u00e4 t\u00e4\u00e4lt\u00e4 l\u00f6ytyy t\u00e4llainen museokorttikohde. Galleria, ateljee, vanha kotipaikka ja hallinnollinen rakennus. Galleriassa esill\u00e4 reilu kymmenen alle kaksikymment\u00e4 ty\u00f6t\u00e4 &#8211; ei siis pit\u00e4isi olla vaikeuksia keskitty\u00e4. S\u00e4rest\u00f6niemi ei ole minulle ennest\u00e4\u00e4n tuttu n\u00e4yttelyjen kautta. Nimi, v\u00e4ri- ja aihemaailma toki olivat tiedossa. Ymp\u00e4rist\u00f6 oli hyvin rauhoittava. Ei j\u00e4\u00e4nyt ep\u00e4selv\u00e4ksi mist\u00e4 aiheet tauluihin tulivat, eik\u00e4 ep\u00e4selv\u00e4ksi j\u00e4\u00e4 sek\u00e4\u00e4n, ett\u00e4 S\u00e4rest\u00f6niemen luontosuhde oli hyvin tiivis. Suosittelen l\u00e4mpim\u00e4sti k\u00e4ynti\u00e4 sek\u00e4 valo- ett\u00e4 muille kuvaajille ja aistimaan ilmassa leijuvan inspiraation. Pois ajaessa S\u00e4rest\u00f6ntiell\u00e4 metsonaaras kulki tien varressa, pidin sit\u00e4 Reidarin ilmestymisen\u00e4.<\/p>\n<p><a data-flickr-embed=\"true\"  href=\"https:\/\/www.flickr.com\/photos\/129148357@N06\/26808934347\/in\/datetaken-public\/\" title=\"PT240926.jpg\"><img loading=\"lazy\" decoding=\"async\" src=\"https:\/\/farm1.staticflickr.com\/961\/26808934347_1c4191fafc_b.jpg\" width=\"1024\" height=\"768\" alt=\"PT240926.jpg\"><\/a><script async src=\"\/\/embedr.flickr.com\/assets\/client-code.js\" charset=\"utf-8\"><\/script><br \/>\n&#8212;<br \/>\n<a data-flickr-embed=\"true\"  href=\"https:\/\/www.flickr.com\/photos\/129148357@N06\/40785946975\/in\/datetaken-public\/\" title=\"PT240901.jpg\"><img loading=\"lazy\" decoding=\"async\" src=\"https:\/\/farm1.staticflickr.com\/944\/40785946975_6f9875d7f5_b.jpg\" width=\"1024\" height=\"768\" alt=\"PT240901.jpg\"><\/a><script async src=\"\/\/embedr.flickr.com\/assets\/client-code.js\" charset=\"utf-8\"><\/script><br \/>\n&#8212;<br \/>\n<a data-flickr-embed=\"true\"  href=\"https:\/\/www.flickr.com\/photos\/129148357@N06\/26808927747\/in\/datetaken-public\/\" title=\"PT240900.jpg\"><img loading=\"lazy\" decoding=\"async\" src=\"https:\/\/farm1.staticflickr.com\/959\/26808927747_bf7d1aa246_b.jpg\" width=\"1024\" height=\"768\" alt=\"PT240900.jpg\"><\/a><script async src=\"\/\/embedr.flickr.com\/assets\/client-code.js\" charset=\"utf-8\"><\/script><br \/>\n&#8212;<br \/>\n<a data-flickr-embed=\"true\"  href=\"https:\/\/www.flickr.com\/photos\/129148357@N06\/27830729888\/in\/datetaken-public\/\" title=\"PT240896.jpg\"><img loading=\"lazy\" decoding=\"async\" src=\"https:\/\/farm1.staticflickr.com\/958\/27830729888_ef28464fcb_b.jpg\" width=\"1024\" height=\"768\" alt=\"PT240896.jpg\"><\/a><script async src=\"\/\/embedr.flickr.com\/assets\/client-code.js\" charset=\"utf-8\"><\/script><br \/>\n&#8212;<\/p>\n<p><a data-flickr-embed=\"true\"  href=\"https:\/\/www.flickr.com\/photos\/129148357@N06\/41675886691\/in\/datetaken-public\/\" title=\"PT240917-2.jpg\"><img loading=\"lazy\" decoding=\"async\" src=\"https:\/\/farm1.staticflickr.com\/969\/41675886691_5fa187c6c8_b.jpg\" width=\"1024\" height=\"768\" alt=\"PT240917-2.jpg\"><\/a><script async src=\"\/\/embedr.flickr.com\/assets\/client-code.js\" charset=\"utf-8\"><\/script><\/p>\n","protected":false},"excerpt":{"rendered":"<p>Tuli kuin tulikin t\u00e4lle lomalle pieni kulttuuriannos. En ollut etuk\u00e4teen tarkastanut, ett\u00e4 t\u00e4\u00e4lt\u00e4 l\u00f6ytyy t\u00e4llainen museokorttikohde. Galleria, ateljee, vanha kotipaikka ja hallinnollinen rakennus. Galleriassa esill\u00e4 reilu kymmenen alle kaksikymment\u00e4 ty\u00f6t\u00e4 &#8211; ei siis pit\u00e4isi olla vaikeuksia keskitty\u00e4. S\u00e4rest\u00f6niemi ei ole minulle ennest\u00e4\u00e4n tuttu n\u00e4yttelyjen kautta. Nimi, v\u00e4ri- ja aihemaailma toki olivat tiedossa. Ymp\u00e4rist\u00f6 oli hyvin [&hellip;]<\/p>\n","protected":false},"author":1,"featured_media":0,"comment_status":"open","ping_status":"open","sticky":false,"template":"","format":"standard","meta":{"footnotes":""},"categories":[1],"tags":[23,19,22],"class_list":["post-4463","post","type-post","status-publish","format-standard","hentry","category-uncategorized","tag-art","tag-museo","tag-taide","content-columns-1"],"_links":{"self":[{"href":"https:\/\/www.ulkoilutankameraa.fi\/blog\/index.php?rest_route=\/wp\/v2\/posts\/4463","targetHints":{"allow":["GET"]}}],"collection":[{"href":"https:\/\/www.ulkoilutankameraa.fi\/blog\/index.php?rest_route=\/wp\/v2\/posts"}],"about":[{"href":"https:\/\/www.ulkoilutankameraa.fi\/blog\/index.php?rest_route=\/wp\/v2\/types\/post"}],"author":[{"embeddable":true,"href":"https:\/\/www.ulkoilutankameraa.fi\/blog\/index.php?rest_route=\/wp\/v2\/users\/1"}],"replies":[{"embeddable":true,"href":"https:\/\/www.ulkoilutankameraa.fi\/blog\/index.php?rest_route=%2Fwp%2Fv2%2Fcomments&post=4463"}],"version-history":[{"count":1,"href":"https:\/\/www.ulkoilutankameraa.fi\/blog\/index.php?rest_route=\/wp\/v2\/posts\/4463\/revisions"}],"predecessor-version":[{"id":4464,"href":"https:\/\/www.ulkoilutankameraa.fi\/blog\/index.php?rest_route=\/wp\/v2\/posts\/4463\/revisions\/4464"}],"wp:attachment":[{"href":"https:\/\/www.ulkoilutankameraa.fi\/blog\/index.php?rest_route=%2Fwp%2Fv2%2Fmedia&parent=4463"}],"wp:term":[{"taxonomy":"category","embeddable":true,"href":"https:\/\/www.ulkoilutankameraa.fi\/blog\/index.php?rest_route=%2Fwp%2Fv2%2Fcategories&post=4463"},{"taxonomy":"post_tag","embeddable":true,"href":"https:\/\/www.ulkoilutankameraa.fi\/blog\/index.php?rest_route=%2Fwp%2Fv2%2Ftags&post=4463"}],"curies":[{"name":"wp","href":"https:\/\/api.w.org\/{rel}","templated":true}]}}