{"id":4730,"date":"2018-08-16T16:25:37","date_gmt":"2018-08-16T13:25:37","guid":{"rendered":"http:\/\/www.ulkoilutankameraa.fi\/blog\/?p=4730"},"modified":"2018-08-20T15:59:06","modified_gmt":"2018-08-20T12:59:06","slug":"sarjasta-hyva-ettei-koko-mettaa-kaadettu","status":"publish","type":"post","link":"https:\/\/www.ulkoilutankameraa.fi\/blog\/?p=4730","title":{"rendered":"Sarjasta: Hyv\u00e4, ettei koko mett\u00e4\u00e4 kaadettu"},"content":{"rendered":"<p>Kiva olla taas Suomessa. T\u00e4\u00e4ll\u00e4 v\u00e4h\u00e4n ihmisi\u00e4, mutta monta hirvik\u00e4rp\u00e4st\u00e4. Tuo on toinen reitin varrella olevista lempikoivuista. J\u00e4nn\u00e4\u00e4 sanoisi Pekka Pasilasta, ett\u00e4 tuo on j\u00e4\u00e4nyt pystyyn. Oliko se niin sairas ja huono, ettei kelvannut edes energiapuuksi. Hyv\u00e4 niin, mielenkiintoista tuon el\u00e4m\u00e4\u00e4 on seurata.<\/p>\n<p><a href=\"http:\/\/www.ulkoilutankameraa.fi\/blog\/wp-content\/uploads\/2018\/08\/DJI_0106.jpg\"><img loading=\"lazy\" decoding=\"async\" class=\"alignleft size-full wp-image-4729\" src=\"http:\/\/www.ulkoilutankameraa.fi\/blog\/wp-content\/uploads\/2018\/08\/DJI_0106.jpg\" alt=\"\" width=\"1024\" height=\"767\" srcset=\"https:\/\/www.ulkoilutankameraa.fi\/blog\/wp-content\/uploads\/2018\/08\/DJI_0106.jpg 1024w, https:\/\/www.ulkoilutankameraa.fi\/blog\/wp-content\/uploads\/2018\/08\/DJI_0106-150x112.jpg 150w, https:\/\/www.ulkoilutankameraa.fi\/blog\/wp-content\/uploads\/2018\/08\/DJI_0106-325x243.jpg 325w, https:\/\/www.ulkoilutankameraa.fi\/blog\/wp-content\/uploads\/2018\/08\/DJI_0106-904x677.jpg 904w\" sizes=\"auto, (max-width: 1024px) 100vw, 1024px\" \/><\/a><\/p>\n","protected":false},"excerpt":{"rendered":"<p>Kiva olla taas Suomessa. T\u00e4\u00e4ll\u00e4 v\u00e4h\u00e4n ihmisi\u00e4, mutta monta hirvik\u00e4rp\u00e4st\u00e4. Tuo on toinen reitin varrella olevista lempikoivuista. J\u00e4nn\u00e4\u00e4 sanoisi Pekka Pasilasta, ett\u00e4 tuo on j\u00e4\u00e4nyt pystyyn. Oliko se niin sairas ja huono, ettei kelvannut edes energiapuuksi. Hyv\u00e4 niin, mielenkiintoista tuon el\u00e4m\u00e4\u00e4 on seurata.<\/p>\n","protected":false},"author":1,"featured_media":0,"comment_status":"open","ping_status":"open","sticky":false,"template":"","format":"standard","meta":{"footnotes":""},"categories":[1],"tags":[43,219,42,83,84],"class_list":["post-4730","post","type-post","status-publish","format-standard","hentry","category-uncategorized","tag-forest","tag-mavic","tag-metsa","tag-puut","tag-trees","content-columns-1"],"_links":{"self":[{"href":"https:\/\/www.ulkoilutankameraa.fi\/blog\/index.php?rest_route=\/wp\/v2\/posts\/4730","targetHints":{"allow":["GET"]}}],"collection":[{"href":"https:\/\/www.ulkoilutankameraa.fi\/blog\/index.php?rest_route=\/wp\/v2\/posts"}],"about":[{"href":"https:\/\/www.ulkoilutankameraa.fi\/blog\/index.php?rest_route=\/wp\/v2\/types\/post"}],"author":[{"embeddable":true,"href":"https:\/\/www.ulkoilutankameraa.fi\/blog\/index.php?rest_route=\/wp\/v2\/users\/1"}],"replies":[{"embeddable":true,"href":"https:\/\/www.ulkoilutankameraa.fi\/blog\/index.php?rest_route=%2Fwp%2Fv2%2Fcomments&post=4730"}],"version-history":[{"count":1,"href":"https:\/\/www.ulkoilutankameraa.fi\/blog\/index.php?rest_route=\/wp\/v2\/posts\/4730\/revisions"}],"predecessor-version":[{"id":4731,"href":"https:\/\/www.ulkoilutankameraa.fi\/blog\/index.php?rest_route=\/wp\/v2\/posts\/4730\/revisions\/4731"}],"wp:attachment":[{"href":"https:\/\/www.ulkoilutankameraa.fi\/blog\/index.php?rest_route=%2Fwp%2Fv2%2Fmedia&parent=4730"}],"wp:term":[{"taxonomy":"category","embeddable":true,"href":"https:\/\/www.ulkoilutankameraa.fi\/blog\/index.php?rest_route=%2Fwp%2Fv2%2Fcategories&post=4730"},{"taxonomy":"post_tag","embeddable":true,"href":"https:\/\/www.ulkoilutankameraa.fi\/blog\/index.php?rest_route=%2Fwp%2Fv2%2Ftags&post=4730"}],"curies":[{"name":"wp","href":"https:\/\/api.w.org\/{rel}","templated":true}]}}