{"id":4795,"date":"2018-08-30T21:47:19","date_gmt":"2018-08-30T18:47:19","guid":{"rendered":"http:\/\/www.ulkoilutankameraa.fi\/blog\/?p=4795"},"modified":"2018-08-30T21:47:19","modified_gmt":"2018-08-30T18:47:19","slug":"vihrea-on-uusi-normaali","status":"publish","type":"post","link":"https:\/\/www.ulkoilutankameraa.fi\/blog\/?p=4795","title":{"rendered":"Vihre\u00e4 on uusi normaali"},"content":{"rendered":"<p>Vaikka mukama v\u00e4it\u00e4n l\u00f6yt\u00e4v\u00e4ni hakkuuaukioilta jotain kaunista, niin t\u00e4st\u00e4 vihre\u00e4st\u00e4 m\u00f6nj\u00e4st\u00e4 en saa esteettisi\u00e4 kiksej\u00e4. Airojen heiluttelu t\u00e4ss\u00e4 vaikuttaa kuin soutaisi minttulik\u00f6\u00f6riss\u00e4. Pienikin m\u00e4\u00e4r\u00e4 vett\u00e4 iholla k\u00e4ynnist\u00e4\u00e4 kutinareaktion. Kuumana p\u00e4iv\u00e4n\u00e4 pelk\u00e4\u00e4, ett\u00e4 joutuu hengitt\u00e4m\u00e4\u00e4n vedest\u00e4 nousevaa lev\u00e4h\u00f6yry\u00e4. T\u00e4m\u00e4 taisi olla kolmas kerta t\u00e4n\u00e4 vuonna kun k\u00e4yn suurella j\u00e4rvell\u00e4. On niin vihainen olo. Ensin toukokuussa joku tunari piti patoluukut auki ja laski j\u00e4rvest\u00e4 vedet enn\u00e4tysalas, sitten tulee vuosituhannen kuivin ja kuumin kes\u00e4. Siit\u00e4h\u00e4n se lev\u00e4 riemastui. Tuulen suunnasta riippuen jostain poukamasta se lautta aina l\u00f6ytyy.<\/p>\n<p>Kalakuvasta tulee mieleeni 70-luvun luonnonsuojeluhenkiset luontokuvat. Kontrastikkaat mustavalkoiset, joissa on kuolleita lintuja, \u00f6ljyttyj\u00e4 rantoja, hakattuja metsi\u00e4 ynn\u00e4 muuta Koij\u00e4rvi-kuvastoa. Hetkinen? Luonnonsuojelua on siis tehty jo ainakin 50 vuotta. Ei aina uskois.<\/p>\n<p><a href=\"http:\/\/www.ulkoilutankameraa.fi\/blog\/wp-content\/uploads\/2018\/08\/P8290608.jpg\"><img loading=\"lazy\" decoding=\"async\" class=\"alignleft size-full wp-image-4792\" src=\"http:\/\/www.ulkoilutankameraa.fi\/blog\/wp-content\/uploads\/2018\/08\/P8290608.jpg\" alt=\"\" width=\"1024\" height=\"768\" srcset=\"https:\/\/www.ulkoilutankameraa.fi\/blog\/wp-content\/uploads\/2018\/08\/P8290608.jpg 1024w, https:\/\/www.ulkoilutankameraa.fi\/blog\/wp-content\/uploads\/2018\/08\/P8290608-150x113.jpg 150w, https:\/\/www.ulkoilutankameraa.fi\/blog\/wp-content\/uploads\/2018\/08\/P8290608-325x244.jpg 325w, https:\/\/www.ulkoilutankameraa.fi\/blog\/wp-content\/uploads\/2018\/08\/P8290608-904x678.jpg 904w\" sizes=\"auto, (max-width: 1024px) 100vw, 1024px\" \/><\/a><\/p>\n<p>&#8212;<\/p>\n<p><a href=\"http:\/\/www.ulkoilutankameraa.fi\/blog\/wp-content\/uploads\/2018\/08\/P8290604.jpg\"><img loading=\"lazy\" decoding=\"async\" class=\"alignleft size-full wp-image-4791\" src=\"http:\/\/www.ulkoilutankameraa.fi\/blog\/wp-content\/uploads\/2018\/08\/P8290604.jpg\" alt=\"\" width=\"1024\" height=\"768\" srcset=\"https:\/\/www.ulkoilutankameraa.fi\/blog\/wp-content\/uploads\/2018\/08\/P8290604.jpg 1024w, https:\/\/www.ulkoilutankameraa.fi\/blog\/wp-content\/uploads\/2018\/08\/P8290604-150x113.jpg 150w, https:\/\/www.ulkoilutankameraa.fi\/blog\/wp-content\/uploads\/2018\/08\/P8290604-325x244.jpg 325w, https:\/\/www.ulkoilutankameraa.fi\/blog\/wp-content\/uploads\/2018\/08\/P8290604-904x678.jpg 904w\" sizes=\"auto, (max-width: 1024px) 100vw, 1024px\" \/><\/a><\/p>\n<p>&#8212;<\/p>\n<p><a href=\"http:\/\/www.ulkoilutankameraa.fi\/blog\/wp-content\/uploads\/2018\/08\/P8290612.jpg\"><img loading=\"lazy\" decoding=\"async\" class=\"alignleft size-full wp-image-4793\" src=\"http:\/\/www.ulkoilutankameraa.fi\/blog\/wp-content\/uploads\/2018\/08\/P8290612.jpg\" alt=\"\" width=\"1024\" height=\"768\" srcset=\"https:\/\/www.ulkoilutankameraa.fi\/blog\/wp-content\/uploads\/2018\/08\/P8290612.jpg 1024w, https:\/\/www.ulkoilutankameraa.fi\/blog\/wp-content\/uploads\/2018\/08\/P8290612-150x113.jpg 150w, https:\/\/www.ulkoilutankameraa.fi\/blog\/wp-content\/uploads\/2018\/08\/P8290612-325x244.jpg 325w, https:\/\/www.ulkoilutankameraa.fi\/blog\/wp-content\/uploads\/2018\/08\/P8290612-904x678.jpg 904w\" sizes=\"auto, (max-width: 1024px) 100vw, 1024px\" \/><\/a><\/p>\n<p>&#8212;<\/p>\n<p><a href=\"http:\/\/www.ulkoilutankameraa.fi\/blog\/wp-content\/uploads\/2018\/08\/P8290616.jpg\"><img loading=\"lazy\" decoding=\"async\" class=\"alignleft size-full wp-image-4794\" src=\"http:\/\/www.ulkoilutankameraa.fi\/blog\/wp-content\/uploads\/2018\/08\/P8290616.jpg\" alt=\"\" width=\"1024\" height=\"768\" srcset=\"https:\/\/www.ulkoilutankameraa.fi\/blog\/wp-content\/uploads\/2018\/08\/P8290616.jpg 1024w, https:\/\/www.ulkoilutankameraa.fi\/blog\/wp-content\/uploads\/2018\/08\/P8290616-150x113.jpg 150w, https:\/\/www.ulkoilutankameraa.fi\/blog\/wp-content\/uploads\/2018\/08\/P8290616-325x244.jpg 325w, https:\/\/www.ulkoilutankameraa.fi\/blog\/wp-content\/uploads\/2018\/08\/P8290616-904x678.jpg 904w\" sizes=\"auto, (max-width: 1024px) 100vw, 1024px\" \/><\/a><\/p>\n","protected":false},"excerpt":{"rendered":"<p>Vaikka mukama v\u00e4it\u00e4n l\u00f6yt\u00e4v\u00e4ni hakkuuaukioilta jotain kaunista, niin t\u00e4st\u00e4 vihre\u00e4st\u00e4 m\u00f6nj\u00e4st\u00e4 en saa esteettisi\u00e4 kiksej\u00e4. Airojen heiluttelu t\u00e4ss\u00e4 vaikuttaa kuin soutaisi minttulik\u00f6\u00f6riss\u00e4. Pienikin m\u00e4\u00e4r\u00e4 vett\u00e4 iholla k\u00e4ynnist\u00e4\u00e4 kutinareaktion. Kuumana p\u00e4iv\u00e4n\u00e4 pelk\u00e4\u00e4, ett\u00e4 joutuu hengitt\u00e4m\u00e4\u00e4n vedest\u00e4 nousevaa lev\u00e4h\u00f6yry\u00e4. T\u00e4m\u00e4 taisi olla kolmas kerta t\u00e4n\u00e4 vuonna kun k\u00e4yn suurella j\u00e4rvell\u00e4. On niin vihainen olo. Ensin toukokuussa joku [&hellip;]<\/p>\n","protected":false},"author":1,"featured_media":0,"comment_status":"open","ping_status":"open","sticky":false,"template":"","format":"standard","meta":{"footnotes":""},"categories":[1],"tags":[105,106,37,81,72,73],"class_list":["post-4795","post","type-post","status-publish","format-standard","hentry","category-uncategorized","tag-jarvi","tag-lake","tag-landscape","tag-maisemat","tag-vesi","tag-water","content-columns-1"],"_links":{"self":[{"href":"https:\/\/www.ulkoilutankameraa.fi\/blog\/index.php?rest_route=\/wp\/v2\/posts\/4795","targetHints":{"allow":["GET"]}}],"collection":[{"href":"https:\/\/www.ulkoilutankameraa.fi\/blog\/index.php?rest_route=\/wp\/v2\/posts"}],"about":[{"href":"https:\/\/www.ulkoilutankameraa.fi\/blog\/index.php?rest_route=\/wp\/v2\/types\/post"}],"author":[{"embeddable":true,"href":"https:\/\/www.ulkoilutankameraa.fi\/blog\/index.php?rest_route=\/wp\/v2\/users\/1"}],"replies":[{"embeddable":true,"href":"https:\/\/www.ulkoilutankameraa.fi\/blog\/index.php?rest_route=%2Fwp%2Fv2%2Fcomments&post=4795"}],"version-history":[{"count":1,"href":"https:\/\/www.ulkoilutankameraa.fi\/blog\/index.php?rest_route=\/wp\/v2\/posts\/4795\/revisions"}],"predecessor-version":[{"id":4796,"href":"https:\/\/www.ulkoilutankameraa.fi\/blog\/index.php?rest_route=\/wp\/v2\/posts\/4795\/revisions\/4796"}],"wp:attachment":[{"href":"https:\/\/www.ulkoilutankameraa.fi\/blog\/index.php?rest_route=%2Fwp%2Fv2%2Fmedia&parent=4795"}],"wp:term":[{"taxonomy":"category","embeddable":true,"href":"https:\/\/www.ulkoilutankameraa.fi\/blog\/index.php?rest_route=%2Fwp%2Fv2%2Fcategories&post=4795"},{"taxonomy":"post_tag","embeddable":true,"href":"https:\/\/www.ulkoilutankameraa.fi\/blog\/index.php?rest_route=%2Fwp%2Fv2%2Ftags&post=4795"}],"curies":[{"name":"wp","href":"https:\/\/api.w.org\/{rel}","templated":true}]}}