{"id":4843,"date":"2018-10-14T20:42:17","date_gmt":"2018-10-14T17:42:17","guid":{"rendered":"http:\/\/www.ulkoilutankameraa.fi\/blog\/?p=4843"},"modified":"2018-10-14T20:42:17","modified_gmt":"2018-10-14T17:42:17","slug":"viikkoa-myohemmin","status":"publish","type":"post","link":"https:\/\/www.ulkoilutankameraa.fi\/blog\/?p=4843","title":{"rendered":"Viikkoa my\u00f6hemmin"},"content":{"rendered":"<p>Haapa on lehtens\u00e4 tiputtanut ja koivu muuttunut keltaiseksi. Veikkaan, ett\u00e4 viikon p\u00e4\u00e4st\u00e4 koivukin on nude. Sitten alkaakin se loputon talven odotus.<\/p>\n<p>Mavic Air:ssa ei ole sit\u00e4 juttua vakio-ohjelmistossa, jolla saisi kopterin lent\u00e4m\u00e4\u00e4n etuk\u00e4teen ohjelmoidun lento- ja kuvaussuunnitelman mukaan. Se olisi k\u00e4tev\u00e4, vaikka tuskin jaksaisin koneella tai k\u00e4nnyk\u00e4ll\u00e4 sellaisen parissa nyhj\u00e4t\u00e4. Konetta saa n\u00e4pr\u00e4t\u00e4 ty\u00f6n puolesta jo ihan tarpeeksi.<\/p>\n<p><a href=\"http:\/\/www.ulkoilutankameraa.fi\/blog\/wp-content\/uploads\/2018\/10\/DJI_0297.jpg\"><img loading=\"lazy\" decoding=\"async\" class=\"alignleft size-full wp-image-4842\" src=\"http:\/\/www.ulkoilutankameraa.fi\/blog\/wp-content\/uploads\/2018\/10\/DJI_0297.jpg\" alt=\"\" width=\"1024\" height=\"767\" srcset=\"https:\/\/www.ulkoilutankameraa.fi\/blog\/wp-content\/uploads\/2018\/10\/DJI_0297.jpg 1024w, https:\/\/www.ulkoilutankameraa.fi\/blog\/wp-content\/uploads\/2018\/10\/DJI_0297-150x112.jpg 150w, https:\/\/www.ulkoilutankameraa.fi\/blog\/wp-content\/uploads\/2018\/10\/DJI_0297-325x243.jpg 325w, https:\/\/www.ulkoilutankameraa.fi\/blog\/wp-content\/uploads\/2018\/10\/DJI_0297-904x677.jpg 904w\" sizes=\"auto, (max-width: 1024px) 100vw, 1024px\" \/><\/a><\/p>\n<p>&nbsp;<\/p>\n","protected":false},"excerpt":{"rendered":"<p>Haapa on lehtens\u00e4 tiputtanut ja koivu muuttunut keltaiseksi. Veikkaan, ett\u00e4 viikon p\u00e4\u00e4st\u00e4 koivukin on nude. Sitten alkaakin se loputon talven odotus. Mavic Air:ssa ei ole sit\u00e4 juttua vakio-ohjelmistossa, jolla saisi kopterin lent\u00e4m\u00e4\u00e4n etuk\u00e4teen ohjelmoidun lento- ja kuvaussuunnitelman mukaan. Se olisi k\u00e4tev\u00e4, vaikka tuskin jaksaisin koneella tai k\u00e4nnyk\u00e4ll\u00e4 sellaisen parissa nyhj\u00e4t\u00e4. Konetta saa n\u00e4pr\u00e4t\u00e4 ty\u00f6n puolesta [&hellip;]<\/p>\n","protected":false},"author":1,"featured_media":0,"comment_status":"open","ping_status":"open","sticky":false,"template":"","format":"standard","meta":{"footnotes":""},"categories":[1],"tags":[194,219,42,83],"class_list":["post-4843","post","type-post","status-publish","format-standard","hentry","category-uncategorized","tag-maisemakuvat","tag-mavic","tag-metsa","tag-puut","content-columns-1"],"_links":{"self":[{"href":"https:\/\/www.ulkoilutankameraa.fi\/blog\/index.php?rest_route=\/wp\/v2\/posts\/4843","targetHints":{"allow":["GET"]}}],"collection":[{"href":"https:\/\/www.ulkoilutankameraa.fi\/blog\/index.php?rest_route=\/wp\/v2\/posts"}],"about":[{"href":"https:\/\/www.ulkoilutankameraa.fi\/blog\/index.php?rest_route=\/wp\/v2\/types\/post"}],"author":[{"embeddable":true,"href":"https:\/\/www.ulkoilutankameraa.fi\/blog\/index.php?rest_route=\/wp\/v2\/users\/1"}],"replies":[{"embeddable":true,"href":"https:\/\/www.ulkoilutankameraa.fi\/blog\/index.php?rest_route=%2Fwp%2Fv2%2Fcomments&post=4843"}],"version-history":[{"count":1,"href":"https:\/\/www.ulkoilutankameraa.fi\/blog\/index.php?rest_route=\/wp\/v2\/posts\/4843\/revisions"}],"predecessor-version":[{"id":4844,"href":"https:\/\/www.ulkoilutankameraa.fi\/blog\/index.php?rest_route=\/wp\/v2\/posts\/4843\/revisions\/4844"}],"wp:attachment":[{"href":"https:\/\/www.ulkoilutankameraa.fi\/blog\/index.php?rest_route=%2Fwp%2Fv2%2Fmedia&parent=4843"}],"wp:term":[{"taxonomy":"category","embeddable":true,"href":"https:\/\/www.ulkoilutankameraa.fi\/blog\/index.php?rest_route=%2Fwp%2Fv2%2Fcategories&post=4843"},{"taxonomy":"post_tag","embeddable":true,"href":"https:\/\/www.ulkoilutankameraa.fi\/blog\/index.php?rest_route=%2Fwp%2Fv2%2Ftags&post=4843"}],"curies":[{"name":"wp","href":"https:\/\/api.w.org\/{rel}","templated":true}]}}