{"id":4866,"date":"2018-10-24T22:12:20","date_gmt":"2018-10-24T19:12:20","guid":{"rendered":"http:\/\/www.ulkoilutankameraa.fi\/blog\/?p=4866"},"modified":"2018-10-24T22:12:55","modified_gmt":"2018-10-24T19:12:55","slug":"ties-monesko-lystilan-yot","status":"publish","type":"post","link":"https:\/\/www.ulkoilutankameraa.fi\/blog\/?p=4866","title":{"rendered":"Ties monesko Lystil\u00e4n y\u00f6t"},"content":{"rendered":"<p>Syksyn y\u00f6kuvaukset olen monesti aloittanut ja monesti jatkanut Lystil\u00e4nm\u00e4en yksin\u00e4isi\u00e4 puita kuvaten. Taustalle on saanut mustan y\u00f6taivaan. T\u00e4n\u00e4\u00e4n olikin kuutamo. Taivas oli valaistu. En muistanutkaan, miten kirkkaasti kuu voi valaista my\u00f6s mustan maan aikaan. Hiljaista, kuuluu puron solinaa, joutsenia, korppi, harmaahaikara, lentokoneita ja v\u00e4lill\u00e4 autojen \u00e4\u00e4ni\u00e4. Maisema on tutun n\u00e4k\u00f6inen, mutta jotenkin uusi. Palataan parin viikon p\u00e4\u00e4st\u00e4 asiaan olisiko pimeys erilainen.<\/p>\n<p><a href=\"http:\/\/www.ulkoilutankameraa.fi\/blog\/wp-content\/uploads\/2018\/10\/PA240213.jpg\"><img loading=\"lazy\" decoding=\"async\" class=\"alignleft size-full wp-image-4864\" src=\"http:\/\/www.ulkoilutankameraa.fi\/blog\/wp-content\/uploads\/2018\/10\/PA240213.jpg\" alt=\"\" width=\"1024\" height=\"768\" srcset=\"https:\/\/www.ulkoilutankameraa.fi\/blog\/wp-content\/uploads\/2018\/10\/PA240213.jpg 1024w, https:\/\/www.ulkoilutankameraa.fi\/blog\/wp-content\/uploads\/2018\/10\/PA240213-150x113.jpg 150w, https:\/\/www.ulkoilutankameraa.fi\/blog\/wp-content\/uploads\/2018\/10\/PA240213-325x244.jpg 325w, https:\/\/www.ulkoilutankameraa.fi\/blog\/wp-content\/uploads\/2018\/10\/PA240213-904x678.jpg 904w\" sizes=\"auto, (max-width: 1024px) 100vw, 1024px\" \/><\/a><\/p>\n<p>&#8212;<\/p>\n<p><a href=\"http:\/\/www.ulkoilutankameraa.fi\/blog\/wp-content\/uploads\/2018\/10\/PA240218.jpg\"><img loading=\"lazy\" decoding=\"async\" class=\"alignleft size-full wp-image-4865\" src=\"http:\/\/www.ulkoilutankameraa.fi\/blog\/wp-content\/uploads\/2018\/10\/PA240218.jpg\" alt=\"\" width=\"1024\" height=\"768\" srcset=\"https:\/\/www.ulkoilutankameraa.fi\/blog\/wp-content\/uploads\/2018\/10\/PA240218.jpg 1024w, https:\/\/www.ulkoilutankameraa.fi\/blog\/wp-content\/uploads\/2018\/10\/PA240218-150x113.jpg 150w, https:\/\/www.ulkoilutankameraa.fi\/blog\/wp-content\/uploads\/2018\/10\/PA240218-325x244.jpg 325w, https:\/\/www.ulkoilutankameraa.fi\/blog\/wp-content\/uploads\/2018\/10\/PA240218-904x678.jpg 904w\" sizes=\"auto, (max-width: 1024px) 100vw, 1024px\" \/><\/a><\/p>\n","protected":false},"excerpt":{"rendered":"<p>Syksyn y\u00f6kuvaukset olen monesti aloittanut ja monesti jatkanut Lystil\u00e4nm\u00e4en yksin\u00e4isi\u00e4 puita kuvaten. Taustalle on saanut mustan y\u00f6taivaan. T\u00e4n\u00e4\u00e4n olikin kuutamo. Taivas oli valaistu. En muistanutkaan, miten kirkkaasti kuu voi valaista my\u00f6s mustan maan aikaan. Hiljaista, kuuluu puron solinaa, joutsenia, korppi, harmaahaikara, lentokoneita ja v\u00e4lill\u00e4 autojen \u00e4\u00e4ni\u00e4. Maisema on tutun n\u00e4k\u00f6inen, mutta jotenkin uusi. Palataan parin [&hellip;]<\/p>\n","protected":false},"author":1,"featured_media":0,"comment_status":"open","ping_status":"open","sticky":false,"template":"","format":"standard","meta":{"footnotes":""},"categories":[1],"tags":[43,210,42,83,84],"class_list":["post-4866","post","type-post","status-publish","format-standard","hentry","category-uncategorized","tag-forest","tag-kuutamo","tag-metsa","tag-puut","tag-trees","content-columns-1"],"_links":{"self":[{"href":"https:\/\/www.ulkoilutankameraa.fi\/blog\/index.php?rest_route=\/wp\/v2\/posts\/4866","targetHints":{"allow":["GET"]}}],"collection":[{"href":"https:\/\/www.ulkoilutankameraa.fi\/blog\/index.php?rest_route=\/wp\/v2\/posts"}],"about":[{"href":"https:\/\/www.ulkoilutankameraa.fi\/blog\/index.php?rest_route=\/wp\/v2\/types\/post"}],"author":[{"embeddable":true,"href":"https:\/\/www.ulkoilutankameraa.fi\/blog\/index.php?rest_route=\/wp\/v2\/users\/1"}],"replies":[{"embeddable":true,"href":"https:\/\/www.ulkoilutankameraa.fi\/blog\/index.php?rest_route=%2Fwp%2Fv2%2Fcomments&post=4866"}],"version-history":[{"count":2,"href":"https:\/\/www.ulkoilutankameraa.fi\/blog\/index.php?rest_route=\/wp\/v2\/posts\/4866\/revisions"}],"predecessor-version":[{"id":4868,"href":"https:\/\/www.ulkoilutankameraa.fi\/blog\/index.php?rest_route=\/wp\/v2\/posts\/4866\/revisions\/4868"}],"wp:attachment":[{"href":"https:\/\/www.ulkoilutankameraa.fi\/blog\/index.php?rest_route=%2Fwp%2Fv2%2Fmedia&parent=4866"}],"wp:term":[{"taxonomy":"category","embeddable":true,"href":"https:\/\/www.ulkoilutankameraa.fi\/blog\/index.php?rest_route=%2Fwp%2Fv2%2Fcategories&post=4866"},{"taxonomy":"post_tag","embeddable":true,"href":"https:\/\/www.ulkoilutankameraa.fi\/blog\/index.php?rest_route=%2Fwp%2Fv2%2Ftags&post=4866"}],"curies":[{"name":"wp","href":"https:\/\/api.w.org\/{rel}","templated":true}]}}