{"id":4877,"date":"2018-10-29T20:33:55","date_gmt":"2018-10-29T18:33:55","guid":{"rendered":"http:\/\/www.ulkoilutankameraa.fi\/blog\/?p=4877"},"modified":"2018-10-29T20:33:55","modified_gmt":"2018-10-29T18:33:55","slug":"lokahyinen-tallinna","status":"publish","type":"post","link":"https:\/\/www.ulkoilutankameraa.fi\/blog\/?p=4877","title":{"rendered":"Lokahyinen Tallinna"},"content":{"rendered":"<p>No, ei kauheasti lokaa, mutta hyist\u00e4. Ennenkin ja useammin kuin kerran olen luvannut, ett\u00e4 en mene Tallinnaan loka &#8211; maaliskuun v\u00e4lill\u00e4. Siell\u00e4 on niin j\u00e4\u00e4t\u00e4v\u00e4n kylm\u00e4. Menin kuitenkin.<\/p>\n<p>Kumussa Konrad M\u00e4gi ja Baltian symbolismia. Molemmat kannattaa katsoa. Tulop\u00e4iv\u00e4n\u00e4 aurinko mukamas viel\u00e4 v\u00e4h\u00e4n paistoi. Ainakin sen verran, ett\u00e4 tuli varjoja. Olinpas tyytyv\u00e4inen tuohon puistokuvaan. Muuta en olisi tarvinnut. N\u00e4kym\u00e4 hotellista oli jotain muuta kuin vanhan kaupungin tornit. Hienohan tuokin oli. Geometrinen ja energinen.<\/p>\n<p>Valokuvatarjonta j\u00e4i t\u00e4lla matkalla Telliskivess\u00e4 olevaan <a href=\"https:\/\/dokfoto.ee\/uritused\/luca-berti-silma-pilk\/\" target=\"_blank\" rel=\"noopener\">Juhan Kuusi Dokfoto keskuksen Luca Berti n\u00e4yttelyyn<\/a>. Varmaan joku muistaa Suomessakin py\u00f6r\u00e4illeen tanskalaisen valokuvaajan, joka taltioi Linhofilla maaseudun ihmisi\u00e4 ja maisemia. T\u00e4\u00e4ll\u00e4 oli esill\u00e4 vastaavia kuvia Eestist\u00e4. N\u00e4in aikaisemmin p\u00e4iv\u00e4ll\u00e4 (vai oliko se eilen) kirjakaupassa t\u00e4st\u00e4 tehdyn kirjan. My\u00f6hemmin n\u00e4yttelyss\u00e4 tuli tunne, ett\u00e4 nyt ollaan niin sis\u00e4ll\u00e4 valokuvassa kuin p\u00e4\u00e4see. En osaa kaikkia tuntojani t\u00e4ss\u00e4 purkaa. Olivat upeita. Kahdelle eurolle sai vastinetta.<\/p>\n<p>Loppuun viel\u00e4 pakollinen kaupunkin\u00e4kym\u00e4 ja paluumatkan merin\u00e4kym\u00e4.<\/p>\n<p><a href=\"http:\/\/www.ulkoilutankameraa.fi\/blog\/wp-content\/uploads\/2018\/10\/PA260225.jpg\"><img loading=\"lazy\" decoding=\"async\" class=\"alignleft size-full wp-image-4871\" src=\"http:\/\/www.ulkoilutankameraa.fi\/blog\/wp-content\/uploads\/2018\/10\/PA260225.jpg\" alt=\"\" width=\"1024\" height=\"768\" srcset=\"https:\/\/www.ulkoilutankameraa.fi\/blog\/wp-content\/uploads\/2018\/10\/PA260225.jpg 1024w, https:\/\/www.ulkoilutankameraa.fi\/blog\/wp-content\/uploads\/2018\/10\/PA260225-150x113.jpg 150w, https:\/\/www.ulkoilutankameraa.fi\/blog\/wp-content\/uploads\/2018\/10\/PA260225-325x244.jpg 325w, https:\/\/www.ulkoilutankameraa.fi\/blog\/wp-content\/uploads\/2018\/10\/PA260225-904x678.jpg 904w\" sizes=\"auto, (max-width: 1024px) 100vw, 1024px\" \/><\/a><\/p>\n<p>&#8212;<\/p>\n<p><a href=\"http:\/\/www.ulkoilutankameraa.fi\/blog\/wp-content\/uploads\/2018\/10\/PA260240.jpg\"><img loading=\"lazy\" decoding=\"async\" class=\"alignleft size-full wp-image-4872\" src=\"http:\/\/www.ulkoilutankameraa.fi\/blog\/wp-content\/uploads\/2018\/10\/PA260240.jpg\" alt=\"\" width=\"1024\" height=\"768\" srcset=\"https:\/\/www.ulkoilutankameraa.fi\/blog\/wp-content\/uploads\/2018\/10\/PA260240.jpg 1024w, https:\/\/www.ulkoilutankameraa.fi\/blog\/wp-content\/uploads\/2018\/10\/PA260240-150x113.jpg 150w, https:\/\/www.ulkoilutankameraa.fi\/blog\/wp-content\/uploads\/2018\/10\/PA260240-325x244.jpg 325w, https:\/\/www.ulkoilutankameraa.fi\/blog\/wp-content\/uploads\/2018\/10\/PA260240-904x678.jpg 904w\" sizes=\"auto, (max-width: 1024px) 100vw, 1024px\" \/><\/a><\/p>\n<p>&#8212;<\/p>\n<p><a href=\"http:\/\/www.ulkoilutankameraa.fi\/blog\/wp-content\/uploads\/2018\/10\/PA260255.jpg\"><img loading=\"lazy\" decoding=\"async\" class=\"alignleft size-full wp-image-4873\" src=\"http:\/\/www.ulkoilutankameraa.fi\/blog\/wp-content\/uploads\/2018\/10\/PA260255.jpg\" alt=\"\" width=\"1024\" height=\"768\" srcset=\"https:\/\/www.ulkoilutankameraa.fi\/blog\/wp-content\/uploads\/2018\/10\/PA260255.jpg 1024w, https:\/\/www.ulkoilutankameraa.fi\/blog\/wp-content\/uploads\/2018\/10\/PA260255-150x113.jpg 150w, https:\/\/www.ulkoilutankameraa.fi\/blog\/wp-content\/uploads\/2018\/10\/PA260255-325x244.jpg 325w, https:\/\/www.ulkoilutankameraa.fi\/blog\/wp-content\/uploads\/2018\/10\/PA260255-904x678.jpg 904w\" sizes=\"auto, (max-width: 1024px) 100vw, 1024px\" \/><\/a><\/p>\n<p>&#8212;<\/p>\n<p><a href=\"http:\/\/www.ulkoilutankameraa.fi\/blog\/wp-content\/uploads\/2018\/10\/PA270261.jpg\"><img loading=\"lazy\" decoding=\"async\" class=\"alignleft size-full wp-image-4874\" src=\"http:\/\/www.ulkoilutankameraa.fi\/blog\/wp-content\/uploads\/2018\/10\/PA270261.jpg\" alt=\"\" width=\"1024\" height=\"768\" srcset=\"https:\/\/www.ulkoilutankameraa.fi\/blog\/wp-content\/uploads\/2018\/10\/PA270261.jpg 1024w, https:\/\/www.ulkoilutankameraa.fi\/blog\/wp-content\/uploads\/2018\/10\/PA270261-150x113.jpg 150w, https:\/\/www.ulkoilutankameraa.fi\/blog\/wp-content\/uploads\/2018\/10\/PA270261-325x244.jpg 325w, https:\/\/www.ulkoilutankameraa.fi\/blog\/wp-content\/uploads\/2018\/10\/PA270261-904x678.jpg 904w\" sizes=\"auto, (max-width: 1024px) 100vw, 1024px\" \/><\/a><\/p>\n<p>&#8212;<\/p>\n<p><a href=\"http:\/\/www.ulkoilutankameraa.fi\/blog\/wp-content\/uploads\/2018\/10\/IMG_20181027_122041.jpg\"><img loading=\"lazy\" decoding=\"async\" class=\"alignleft size-full wp-image-4870\" src=\"http:\/\/www.ulkoilutankameraa.fi\/blog\/wp-content\/uploads\/2018\/10\/IMG_20181027_122041.jpg\" alt=\"\" width=\"1024\" height=\"773\" srcset=\"https:\/\/www.ulkoilutankameraa.fi\/blog\/wp-content\/uploads\/2018\/10\/IMG_20181027_122041.jpg 1024w, https:\/\/www.ulkoilutankameraa.fi\/blog\/wp-content\/uploads\/2018\/10\/IMG_20181027_122041-150x113.jpg 150w, https:\/\/www.ulkoilutankameraa.fi\/blog\/wp-content\/uploads\/2018\/10\/IMG_20181027_122041-325x245.jpg 325w, https:\/\/www.ulkoilutankameraa.fi\/blog\/wp-content\/uploads\/2018\/10\/IMG_20181027_122041-904x682.jpg 904w\" sizes=\"auto, (max-width: 1024px) 100vw, 1024px\" \/><\/a><\/p>\n<p>&#8212;<\/p>\n<p><a href=\"http:\/\/www.ulkoilutankameraa.fi\/blog\/wp-content\/uploads\/2018\/10\/PA270268.jpg\"><img loading=\"lazy\" decoding=\"async\" class=\"alignleft size-full wp-image-4875\" src=\"http:\/\/www.ulkoilutankameraa.fi\/blog\/wp-content\/uploads\/2018\/10\/PA270268.jpg\" alt=\"\" width=\"1024\" height=\"768\" srcset=\"https:\/\/www.ulkoilutankameraa.fi\/blog\/wp-content\/uploads\/2018\/10\/PA270268.jpg 1024w, https:\/\/www.ulkoilutankameraa.fi\/blog\/wp-content\/uploads\/2018\/10\/PA270268-150x113.jpg 150w, https:\/\/www.ulkoilutankameraa.fi\/blog\/wp-content\/uploads\/2018\/10\/PA270268-325x244.jpg 325w, https:\/\/www.ulkoilutankameraa.fi\/blog\/wp-content\/uploads\/2018\/10\/PA270268-904x678.jpg 904w\" sizes=\"auto, (max-width: 1024px) 100vw, 1024px\" \/><\/a><\/p>\n<p>&#8212;<\/p>\n<p><a href=\"http:\/\/www.ulkoilutankameraa.fi\/blog\/wp-content\/uploads\/2018\/10\/PA280288.jpg\"><img loading=\"lazy\" decoding=\"async\" class=\"alignleft size-full wp-image-4876\" src=\"http:\/\/www.ulkoilutankameraa.fi\/blog\/wp-content\/uploads\/2018\/10\/PA280288.jpg\" alt=\"\" width=\"1024\" height=\"768\" srcset=\"https:\/\/www.ulkoilutankameraa.fi\/blog\/wp-content\/uploads\/2018\/10\/PA280288.jpg 1024w, https:\/\/www.ulkoilutankameraa.fi\/blog\/wp-content\/uploads\/2018\/10\/PA280288-150x113.jpg 150w, https:\/\/www.ulkoilutankameraa.fi\/blog\/wp-content\/uploads\/2018\/10\/PA280288-325x244.jpg 325w, https:\/\/www.ulkoilutankameraa.fi\/blog\/wp-content\/uploads\/2018\/10\/PA280288-904x678.jpg 904w\" sizes=\"auto, (max-width: 1024px) 100vw, 1024px\" \/><\/a><\/p>\n","protected":false},"excerpt":{"rendered":"<p>No, ei kauheasti lokaa, mutta hyist\u00e4. Ennenkin ja useammin kuin kerran olen luvannut, ett\u00e4 en mene Tallinnaan loka &#8211; maaliskuun v\u00e4lill\u00e4. Siell\u00e4 on niin j\u00e4\u00e4t\u00e4v\u00e4n kylm\u00e4. Menin kuitenkin. Kumussa Konrad M\u00e4gi ja Baltian symbolismia. Molemmat kannattaa katsoa. Tulop\u00e4iv\u00e4n\u00e4 aurinko mukamas viel\u00e4 v\u00e4h\u00e4n paistoi. Ainakin sen verran, ett\u00e4 tuli varjoja. Olinpas tyytyv\u00e4inen tuohon puistokuvaan. Muuta en [&hellip;]<\/p>\n","protected":false},"author":1,"featured_media":0,"comment_status":"open","ping_status":"open","sticky":false,"template":"","format":"standard","meta":{"footnotes":""},"categories":[1],"tags":[59,99,98],"class_list":["post-4877","post","type-post","status-publish","format-standard","hentry","category-uncategorized","tag-kaupunkimaisemat","tag-tallinn","tag-tallinna","content-columns-1"],"_links":{"self":[{"href":"https:\/\/www.ulkoilutankameraa.fi\/blog\/index.php?rest_route=\/wp\/v2\/posts\/4877","targetHints":{"allow":["GET"]}}],"collection":[{"href":"https:\/\/www.ulkoilutankameraa.fi\/blog\/index.php?rest_route=\/wp\/v2\/posts"}],"about":[{"href":"https:\/\/www.ulkoilutankameraa.fi\/blog\/index.php?rest_route=\/wp\/v2\/types\/post"}],"author":[{"embeddable":true,"href":"https:\/\/www.ulkoilutankameraa.fi\/blog\/index.php?rest_route=\/wp\/v2\/users\/1"}],"replies":[{"embeddable":true,"href":"https:\/\/www.ulkoilutankameraa.fi\/blog\/index.php?rest_route=%2Fwp%2Fv2%2Fcomments&post=4877"}],"version-history":[{"count":1,"href":"https:\/\/www.ulkoilutankameraa.fi\/blog\/index.php?rest_route=\/wp\/v2\/posts\/4877\/revisions"}],"predecessor-version":[{"id":4878,"href":"https:\/\/www.ulkoilutankameraa.fi\/blog\/index.php?rest_route=\/wp\/v2\/posts\/4877\/revisions\/4878"}],"wp:attachment":[{"href":"https:\/\/www.ulkoilutankameraa.fi\/blog\/index.php?rest_route=%2Fwp%2Fv2%2Fmedia&parent=4877"}],"wp:term":[{"taxonomy":"category","embeddable":true,"href":"https:\/\/www.ulkoilutankameraa.fi\/blog\/index.php?rest_route=%2Fwp%2Fv2%2Fcategories&post=4877"},{"taxonomy":"post_tag","embeddable":true,"href":"https:\/\/www.ulkoilutankameraa.fi\/blog\/index.php?rest_route=%2Fwp%2Fv2%2Ftags&post=4877"}],"curies":[{"name":"wp","href":"https:\/\/api.w.org\/{rel}","templated":true}]}}