{"id":4883,"date":"2018-11-01T21:21:08","date_gmt":"2018-11-01T19:21:08","guid":{"rendered":"http:\/\/www.ulkoilutankameraa.fi\/blog\/?p=4883"},"modified":"2018-11-01T21:21:08","modified_gmt":"2018-11-01T19:21:08","slug":"puuvalo","status":"publish","type":"post","link":"https:\/\/www.ulkoilutankameraa.fi\/blog\/?p=4883","title":{"rendered":"Puuvalo"},"content":{"rendered":"<p>Puuvalo on kavala tauti. Se iskee syksyisin ja jatkuu joskus pitk\u00e4lle kev\u00e4\u00e4seen jopa kes\u00e4\u00e4n. Se ilmenee v\u00e4rikk\u00e4in\u00e4, vilkkuvina, kirkkaina vitjoina puissa ja pensaissa.<\/p>\n<p>Onneksi t\u00e4ll\u00e4 puulla ei ole sit\u00e4. Jos siit\u00e4 l\u00e4hdet\u00e4\u00e4n, ett\u00e4 puuhun laitetaan valoja on hienoa, ett\u00e4 joku ymm\u00e4rt\u00e4\u00e4 laittaa vilkkumattomat, h\u00e4ik\u00e4isem\u00e4tt\u00f6m\u00e4t ja neutraalin v\u00e4riset valot. Lis\u00e4ksi tuo muistuttaa jotain, eik\u00e4 ole viskelty hujan hajan. Poronsarvea tuossa k\u00e4sitt\u00e4\u00e4kseni ollaan rakentamassa. Hieno t\u00e4st\u00e4 tulee, vaikka perisalolaiseen tapaan tulee joitakin \u00e4rsytt\u00e4m\u00e4\u00e4n olivat p\u00e4\u00e4ll\u00e4 tai eiv\u00e4t. Sellaisia me ihmiset ollaan.<\/p>\n<p><a href=\"http:\/\/www.ulkoilutankameraa.fi\/blog\/wp-content\/uploads\/2018\/11\/PB010012.jpg\"><img loading=\"lazy\" decoding=\"async\" class=\"alignleft size-full wp-image-4882\" src=\"http:\/\/www.ulkoilutankameraa.fi\/blog\/wp-content\/uploads\/2018\/11\/PB010012.jpg\" alt=\"\" width=\"1024\" height=\"768\" srcset=\"https:\/\/www.ulkoilutankameraa.fi\/blog\/wp-content\/uploads\/2018\/11\/PB010012.jpg 1024w, https:\/\/www.ulkoilutankameraa.fi\/blog\/wp-content\/uploads\/2018\/11\/PB010012-150x113.jpg 150w, https:\/\/www.ulkoilutankameraa.fi\/blog\/wp-content\/uploads\/2018\/11\/PB010012-325x244.jpg 325w, https:\/\/www.ulkoilutankameraa.fi\/blog\/wp-content\/uploads\/2018\/11\/PB010012-904x678.jpg 904w\" sizes=\"auto, (max-width: 1024px) 100vw, 1024px\" \/><\/a><\/p>\n","protected":false},"excerpt":{"rendered":"<p>Puuvalo on kavala tauti. Se iskee syksyisin ja jatkuu joskus pitk\u00e4lle kev\u00e4\u00e4seen jopa kes\u00e4\u00e4n. Se ilmenee v\u00e4rikk\u00e4in\u00e4, vilkkuvina, kirkkaina vitjoina puissa ja pensaissa. Onneksi t\u00e4ll\u00e4 puulla ei ole sit\u00e4. Jos siit\u00e4 l\u00e4hdet\u00e4\u00e4n, ett\u00e4 puuhun laitetaan valoja on hienoa, ett\u00e4 joku ymm\u00e4rt\u00e4\u00e4 laittaa vilkkumattomat, h\u00e4ik\u00e4isem\u00e4tt\u00f6m\u00e4t ja neutraalin v\u00e4riset valot. Lis\u00e4ksi tuo muistuttaa jotain, eik\u00e4 ole viskelty [&hellip;]<\/p>\n","protected":false},"author":1,"featured_media":0,"comment_status":"open","ping_status":"open","sticky":false,"template":"","format":"standard","meta":{"footnotes":""},"categories":[1],"tags":[59,17],"class_list":["post-4883","post","type-post","status-publish","format-standard","hentry","category-uncategorized","tag-kaupunkimaisemat","tag-salo","content-columns-1"],"_links":{"self":[{"href":"https:\/\/www.ulkoilutankameraa.fi\/blog\/index.php?rest_route=\/wp\/v2\/posts\/4883","targetHints":{"allow":["GET"]}}],"collection":[{"href":"https:\/\/www.ulkoilutankameraa.fi\/blog\/index.php?rest_route=\/wp\/v2\/posts"}],"about":[{"href":"https:\/\/www.ulkoilutankameraa.fi\/blog\/index.php?rest_route=\/wp\/v2\/types\/post"}],"author":[{"embeddable":true,"href":"https:\/\/www.ulkoilutankameraa.fi\/blog\/index.php?rest_route=\/wp\/v2\/users\/1"}],"replies":[{"embeddable":true,"href":"https:\/\/www.ulkoilutankameraa.fi\/blog\/index.php?rest_route=%2Fwp%2Fv2%2Fcomments&post=4883"}],"version-history":[{"count":1,"href":"https:\/\/www.ulkoilutankameraa.fi\/blog\/index.php?rest_route=\/wp\/v2\/posts\/4883\/revisions"}],"predecessor-version":[{"id":4884,"href":"https:\/\/www.ulkoilutankameraa.fi\/blog\/index.php?rest_route=\/wp\/v2\/posts\/4883\/revisions\/4884"}],"wp:attachment":[{"href":"https:\/\/www.ulkoilutankameraa.fi\/blog\/index.php?rest_route=%2Fwp%2Fv2%2Fmedia&parent=4883"}],"wp:term":[{"taxonomy":"category","embeddable":true,"href":"https:\/\/www.ulkoilutankameraa.fi\/blog\/index.php?rest_route=%2Fwp%2Fv2%2Fcategories&post=4883"},{"taxonomy":"post_tag","embeddable":true,"href":"https:\/\/www.ulkoilutankameraa.fi\/blog\/index.php?rest_route=%2Fwp%2Fv2%2Ftags&post=4883"}],"curies":[{"name":"wp","href":"https:\/\/api.w.org\/{rel}","templated":true}]}}