{"id":4888,"date":"2018-11-04T17:30:37","date_gmt":"2018-11-04T15:30:37","guid":{"rendered":"http:\/\/www.ulkoilutankameraa.fi\/blog\/?p=4888"},"modified":"2018-11-04T17:30:37","modified_gmt":"2018-11-04T15:30:37","slug":"ja-taas-viikkoja-myohemmin","status":"publish","type":"post","link":"https:\/\/www.ulkoilutankameraa.fi\/blog\/?p=4888","title":{"rendered":"Ja taas viikkoja my\u00f6hemmin"},"content":{"rendered":"<p>Nyt alkaa maisema olla valmis talveen. Seuraava muutos tulee lumen my\u00f6t\u00e4. Moottorisahamurhaajat ovat l\u00e4hteneet jo muualle.<\/p>\n<p>Koptereihinkin p\u00e4tee ilmeisesti sanonta, josta on useita variaatioita. On koptereita, jotka eiv\u00e4t ole pudonneet ja koptereita, jotka tulevat putoamaan. No n\u00e4in nyt k\u00e4vi. Hyv\u00e4\u00e4n aikaan sen puolesta kun ollaan kuitenkin menossa kohti pimeint\u00e4 ja m\u00e4rint\u00e4 aikaa. Vakuutus on, mutta onhan siit\u00e4 taas oma vaivansa selvitell\u00e4 ja l\u00e4hetell\u00e4 suuntaan ja toiseen.<\/p>\n<p><a href=\"http:\/\/www.ulkoilutankameraa.fi\/blog\/wp-content\/uploads\/2018\/11\/DJI_0316.jpg\"><img loading=\"lazy\" decoding=\"async\" class=\"alignleft size-full wp-image-4886\" src=\"http:\/\/www.ulkoilutankameraa.fi\/blog\/wp-content\/uploads\/2018\/11\/DJI_0316.jpg\" alt=\"\" width=\"1024\" height=\"767\" srcset=\"https:\/\/www.ulkoilutankameraa.fi\/blog\/wp-content\/uploads\/2018\/11\/DJI_0316.jpg 1024w, https:\/\/www.ulkoilutankameraa.fi\/blog\/wp-content\/uploads\/2018\/11\/DJI_0316-150x112.jpg 150w, https:\/\/www.ulkoilutankameraa.fi\/blog\/wp-content\/uploads\/2018\/11\/DJI_0316-325x243.jpg 325w, https:\/\/www.ulkoilutankameraa.fi\/blog\/wp-content\/uploads\/2018\/11\/DJI_0316-904x677.jpg 904w\" sizes=\"auto, (max-width: 1024px) 100vw, 1024px\" \/><\/a><\/p>\n<p>&#8212;<\/p>\n<p><a href=\"http:\/\/www.ulkoilutankameraa.fi\/blog\/wp-content\/uploads\/2018\/11\/PB040029.jpg\"><img loading=\"lazy\" decoding=\"async\" class=\"alignleft size-full wp-image-4887\" src=\"http:\/\/www.ulkoilutankameraa.fi\/blog\/wp-content\/uploads\/2018\/11\/PB040029.jpg\" alt=\"\" width=\"1024\" height=\"768\" srcset=\"https:\/\/www.ulkoilutankameraa.fi\/blog\/wp-content\/uploads\/2018\/11\/PB040029.jpg 1024w, https:\/\/www.ulkoilutankameraa.fi\/blog\/wp-content\/uploads\/2018\/11\/PB040029-150x113.jpg 150w, https:\/\/www.ulkoilutankameraa.fi\/blog\/wp-content\/uploads\/2018\/11\/PB040029-325x244.jpg 325w, https:\/\/www.ulkoilutankameraa.fi\/blog\/wp-content\/uploads\/2018\/11\/PB040029-904x678.jpg 904w\" sizes=\"auto, (max-width: 1024px) 100vw, 1024px\" \/><\/a><\/p>\n","protected":false},"excerpt":{"rendered":"<p>Nyt alkaa maisema olla valmis talveen. Seuraava muutos tulee lumen my\u00f6t\u00e4. Moottorisahamurhaajat ovat l\u00e4hteneet jo muualle. Koptereihinkin p\u00e4tee ilmeisesti sanonta, josta on useita variaatioita. On koptereita, jotka eiv\u00e4t ole pudonneet ja koptereita, jotka tulevat putoamaan. No n\u00e4in nyt k\u00e4vi. Hyv\u00e4\u00e4n aikaan sen puolesta kun ollaan kuitenkin menossa kohti pimeint\u00e4 ja m\u00e4rint\u00e4 aikaa. Vakuutus on, mutta [&hellip;]<\/p>\n","protected":false},"author":1,"featured_media":0,"comment_status":"open","ping_status":"open","sticky":false,"template":"","format":"standard","meta":{"footnotes":""},"categories":[1],"tags":[194,219,83],"class_list":["post-4888","post","type-post","status-publish","format-standard","hentry","category-uncategorized","tag-maisemakuvat","tag-mavic","tag-puut","content-columns-1"],"_links":{"self":[{"href":"https:\/\/www.ulkoilutankameraa.fi\/blog\/index.php?rest_route=\/wp\/v2\/posts\/4888","targetHints":{"allow":["GET"]}}],"collection":[{"href":"https:\/\/www.ulkoilutankameraa.fi\/blog\/index.php?rest_route=\/wp\/v2\/posts"}],"about":[{"href":"https:\/\/www.ulkoilutankameraa.fi\/blog\/index.php?rest_route=\/wp\/v2\/types\/post"}],"author":[{"embeddable":true,"href":"https:\/\/www.ulkoilutankameraa.fi\/blog\/index.php?rest_route=\/wp\/v2\/users\/1"}],"replies":[{"embeddable":true,"href":"https:\/\/www.ulkoilutankameraa.fi\/blog\/index.php?rest_route=%2Fwp%2Fv2%2Fcomments&post=4888"}],"version-history":[{"count":1,"href":"https:\/\/www.ulkoilutankameraa.fi\/blog\/index.php?rest_route=\/wp\/v2\/posts\/4888\/revisions"}],"predecessor-version":[{"id":4889,"href":"https:\/\/www.ulkoilutankameraa.fi\/blog\/index.php?rest_route=\/wp\/v2\/posts\/4888\/revisions\/4889"}],"wp:attachment":[{"href":"https:\/\/www.ulkoilutankameraa.fi\/blog\/index.php?rest_route=%2Fwp%2Fv2%2Fmedia&parent=4888"}],"wp:term":[{"taxonomy":"category","embeddable":true,"href":"https:\/\/www.ulkoilutankameraa.fi\/blog\/index.php?rest_route=%2Fwp%2Fv2%2Fcategories&post=4888"},{"taxonomy":"post_tag","embeddable":true,"href":"https:\/\/www.ulkoilutankameraa.fi\/blog\/index.php?rest_route=%2Fwp%2Fv2%2Ftags&post=4888"}],"curies":[{"name":"wp","href":"https:\/\/api.w.org\/{rel}","templated":true}]}}