{"id":5007,"date":"2019-01-06T21:35:47","date_gmt":"2019-01-06T19:35:47","guid":{"rendered":"http:\/\/www.ulkoilutankameraa.fi\/blog\/?p=5007"},"modified":"2019-01-05T21:36:54","modified_gmt":"2019-01-05T19:36:54","slug":"pienella-jarvella-1","status":"publish","type":"post","link":"https:\/\/www.ulkoilutankameraa.fi\/blog\/?p=5007","title":{"rendered":"Pienell\u00e4 j\u00e4rvell\u00e4 1"},"content":{"rendered":"\n<p>Koko harmaan asteikko oli k\u00e4yt\u00f6ss\u00e4. T\u00e4n\u00e4k\u00e4\u00e4n aamuna harmaus ei tarkoittanut pimeytt\u00e4. Sumun l\u00e4pi n\u00e4kyi valoa, kiviss\u00e4 n\u00e4kyi vihre\u00e4\u00e4, rannan heiniss\u00e4 keltaista, koivun oksissa ruskeaa ja mets\u00e4n reunassa sinist\u00e4. Pime\u00e4ss\u00e4 n\u00e4it\u00e4 ei olisi n\u00e4hnyt. <\/p>\n\n\n\n<figure class=\"wp-block-image\"><img loading=\"lazy\" decoding=\"async\" width=\"1024\" height=\"768\" src=\"http:\/\/www.ulkoilutankameraa.fi\/blog\/wp-content\/uploads\/2019\/01\/P1010042-1024x768.jpg\" alt=\"\" class=\"wp-image-5004\" srcset=\"https:\/\/www.ulkoilutankameraa.fi\/blog\/wp-content\/uploads\/2019\/01\/P1010042.jpg 1024w, https:\/\/www.ulkoilutankameraa.fi\/blog\/wp-content\/uploads\/2019\/01\/P1010042-150x113.jpg 150w, https:\/\/www.ulkoilutankameraa.fi\/blog\/wp-content\/uploads\/2019\/01\/P1010042-325x244.jpg 325w, https:\/\/www.ulkoilutankameraa.fi\/blog\/wp-content\/uploads\/2019\/01\/P1010042-904x678.jpg 904w\" sizes=\"auto, (max-width: 1024px) 100vw, 1024px\" \/><\/figure>\n\n\n\n<figure class=\"wp-block-image\"><img loading=\"lazy\" decoding=\"async\" width=\"1024\" height=\"768\" src=\"http:\/\/www.ulkoilutankameraa.fi\/blog\/wp-content\/uploads\/2019\/01\/P1010058-1024x768.jpg\" alt=\"\" class=\"wp-image-5005\" srcset=\"https:\/\/www.ulkoilutankameraa.fi\/blog\/wp-content\/uploads\/2019\/01\/P1010058.jpg 1024w, https:\/\/www.ulkoilutankameraa.fi\/blog\/wp-content\/uploads\/2019\/01\/P1010058-150x113.jpg 150w, https:\/\/www.ulkoilutankameraa.fi\/blog\/wp-content\/uploads\/2019\/01\/P1010058-325x244.jpg 325w, https:\/\/www.ulkoilutankameraa.fi\/blog\/wp-content\/uploads\/2019\/01\/P1010058-904x678.jpg 904w\" sizes=\"auto, (max-width: 1024px) 100vw, 1024px\" \/><\/figure>\n\n\n\n<figure class=\"wp-block-image\"><img loading=\"lazy\" decoding=\"async\" width=\"1024\" height=\"768\" src=\"http:\/\/www.ulkoilutankameraa.fi\/blog\/wp-content\/uploads\/2019\/01\/P1010066-1024x768.jpg\" alt=\"\" class=\"wp-image-5006\" srcset=\"https:\/\/www.ulkoilutankameraa.fi\/blog\/wp-content\/uploads\/2019\/01\/P1010066.jpg 1024w, https:\/\/www.ulkoilutankameraa.fi\/blog\/wp-content\/uploads\/2019\/01\/P1010066-150x113.jpg 150w, https:\/\/www.ulkoilutankameraa.fi\/blog\/wp-content\/uploads\/2019\/01\/P1010066-325x244.jpg 325w, https:\/\/www.ulkoilutankameraa.fi\/blog\/wp-content\/uploads\/2019\/01\/P1010066-904x678.jpg 904w\" sizes=\"auto, (max-width: 1024px) 100vw, 1024px\" \/><\/figure>\n","protected":false},"excerpt":{"rendered":"<p>Koko harmaan asteikko oli k\u00e4yt\u00f6ss\u00e4. T\u00e4n\u00e4k\u00e4\u00e4n aamuna harmaus ei tarkoittanut pimeytt\u00e4. Sumun l\u00e4pi n\u00e4kyi valoa, kiviss\u00e4 n\u00e4kyi vihre\u00e4\u00e4, rannan heiniss\u00e4 keltaista, koivun oksissa ruskeaa ja mets\u00e4n reunassa sinist\u00e4. Pime\u00e4ss\u00e4 n\u00e4it\u00e4 ei olisi n\u00e4hnyt.<\/p>\n","protected":false},"author":1,"featured_media":0,"comment_status":"open","ping_status":"open","sticky":false,"template":"","format":"standard","meta":{"footnotes":""},"categories":[1],"tags":[220,194,42,83],"class_list":["post-5007","post","type-post","status-publish","format-standard","hentry","category-uncategorized","tag-koivu","tag-maisemakuvat","tag-metsa","tag-puut","content-columns-1"],"_links":{"self":[{"href":"https:\/\/www.ulkoilutankameraa.fi\/blog\/index.php?rest_route=\/wp\/v2\/posts\/5007","targetHints":{"allow":["GET"]}}],"collection":[{"href":"https:\/\/www.ulkoilutankameraa.fi\/blog\/index.php?rest_route=\/wp\/v2\/posts"}],"about":[{"href":"https:\/\/www.ulkoilutankameraa.fi\/blog\/index.php?rest_route=\/wp\/v2\/types\/post"}],"author":[{"embeddable":true,"href":"https:\/\/www.ulkoilutankameraa.fi\/blog\/index.php?rest_route=\/wp\/v2\/users\/1"}],"replies":[{"embeddable":true,"href":"https:\/\/www.ulkoilutankameraa.fi\/blog\/index.php?rest_route=%2Fwp%2Fv2%2Fcomments&post=5007"}],"version-history":[{"count":2,"href":"https:\/\/www.ulkoilutankameraa.fi\/blog\/index.php?rest_route=\/wp\/v2\/posts\/5007\/revisions"}],"predecessor-version":[{"id":5009,"href":"https:\/\/www.ulkoilutankameraa.fi\/blog\/index.php?rest_route=\/wp\/v2\/posts\/5007\/revisions\/5009"}],"wp:attachment":[{"href":"https:\/\/www.ulkoilutankameraa.fi\/blog\/index.php?rest_route=%2Fwp%2Fv2%2Fmedia&parent=5007"}],"wp:term":[{"taxonomy":"category","embeddable":true,"href":"https:\/\/www.ulkoilutankameraa.fi\/blog\/index.php?rest_route=%2Fwp%2Fv2%2Fcategories&post=5007"},{"taxonomy":"post_tag","embeddable":true,"href":"https:\/\/www.ulkoilutankameraa.fi\/blog\/index.php?rest_route=%2Fwp%2Fv2%2Ftags&post=5007"}],"curies":[{"name":"wp","href":"https:\/\/api.w.org\/{rel}","templated":true}]}}