{"id":5023,"date":"2019-01-21T18:43:27","date_gmt":"2019-01-21T16:43:27","guid":{"rendered":"http:\/\/www.ulkoilutankameraa.fi\/blog\/?p=5023"},"modified":"2019-01-21T18:57:49","modified_gmt":"2019-01-21T16:57:49","slug":"pienella-jarvella-2","status":"publish","type":"post","link":"https:\/\/www.ulkoilutankameraa.fi\/blog\/?p=5023","title":{"rendered":"Pienell\u00e4 j\u00e4rvell\u00e4 2"},"content":{"rendered":"\n<p>V\u00e4h\u00e4n rakennust\u00f6ist\u00e4 ja paljon keuhkoputkentulehduksesta johtuen ovat ulkoilut j\u00e4\u00e4neet v\u00e4hiin. Tunsin itseni sen verran vahvaksi, ett\u00e4 rohkenin l\u00e4hte\u00e4 r\u00e4mpim\u00e4\u00e4n. Puolentoista kilometrin j\u00e4lkeen p\u00e4\u00e4tin k\u00e4\u00e4nty\u00e4 suosikkikoivun kohdalla takaisin. Hike\u00e4 pukkasi ja syke ei vain laskenut k\u00e4velytaajuuksiin. En aivan p\u00e4\u00e4ssyt j\u00e4rvelle, mutta onneksi minulla on pitk\u00e4t k\u00e4det ja sain j\u00e4rvest\u00e4 kuitenkin kuvan. <\/p>\n\n\n\n<p>Taas hangessa laahustaessa tuli mieleen, ett\u00e4 onko t\u00e4ss\u00e4 mit\u00e4\u00e4n j\u00e4rke\u00e4. Suomalaiset syntyv\u00e4t monot jalassa, niin eik\u00f6 lumessa liikkumiseen olisi parempiakin tapoja. Pit\u00e4isik\u00f6 sit\u00e4 suksia ski-shoppiin.<\/p>\n\n\n\n<figure class=\"wp-block-image\"><img loading=\"lazy\" decoding=\"async\" width=\"1024\" height=\"767\" src=\"http:\/\/www.ulkoilutankameraa.fi\/blog\/wp-content\/uploads\/2019\/01\/DJI_0472-1024x767.jpg\" alt=\"\" class=\"wp-image-5019\" srcset=\"https:\/\/www.ulkoilutankameraa.fi\/blog\/wp-content\/uploads\/2019\/01\/DJI_0472.jpg 1024w, https:\/\/www.ulkoilutankameraa.fi\/blog\/wp-content\/uploads\/2019\/01\/DJI_0472-150x112.jpg 150w, https:\/\/www.ulkoilutankameraa.fi\/blog\/wp-content\/uploads\/2019\/01\/DJI_0472-325x243.jpg 325w, https:\/\/www.ulkoilutankameraa.fi\/blog\/wp-content\/uploads\/2019\/01\/DJI_0472-904x677.jpg 904w\" sizes=\"auto, (max-width: 1024px) 100vw, 1024px\" \/><\/figure>\n\n\n\n<figure class=\"wp-block-image\"><img loading=\"lazy\" decoding=\"async\" width=\"1024\" height=\"767\" src=\"http:\/\/www.ulkoilutankameraa.fi\/blog\/wp-content\/uploads\/2019\/01\/DJI_0478-1024x767.jpg\" alt=\"\" class=\"wp-image-5020\" srcset=\"https:\/\/www.ulkoilutankameraa.fi\/blog\/wp-content\/uploads\/2019\/01\/DJI_0478.jpg 1024w, https:\/\/www.ulkoilutankameraa.fi\/blog\/wp-content\/uploads\/2019\/01\/DJI_0478-150x112.jpg 150w, https:\/\/www.ulkoilutankameraa.fi\/blog\/wp-content\/uploads\/2019\/01\/DJI_0478-325x243.jpg 325w, https:\/\/www.ulkoilutankameraa.fi\/blog\/wp-content\/uploads\/2019\/01\/DJI_0478-904x677.jpg 904w\" sizes=\"auto, (max-width: 1024px) 100vw, 1024px\" \/><\/figure>\n\n\n\n<p><\/p>\n","protected":false},"excerpt":{"rendered":"<p>V\u00e4h\u00e4n rakennust\u00f6ist\u00e4 ja paljon keuhkoputkentulehduksesta johtuen ovat ulkoilut j\u00e4\u00e4neet v\u00e4hiin. Tunsin itseni sen verran vahvaksi, ett\u00e4 rohkenin l\u00e4hte\u00e4 r\u00e4mpim\u00e4\u00e4n. Puolentoista kilometrin j\u00e4lkeen p\u00e4\u00e4tin k\u00e4\u00e4nty\u00e4 suosikkikoivun kohdalla takaisin. Hike\u00e4 pukkasi ja syke ei vain laskenut k\u00e4velytaajuuksiin. En aivan p\u00e4\u00e4ssyt j\u00e4rvelle, mutta onneksi minulla on pitk\u00e4t k\u00e4det ja sain j\u00e4rvest\u00e4 kuitenkin kuvan. Taas hangessa laahustaessa tuli mieleen, [&hellip;]<\/p>\n","protected":false},"author":1,"featured_media":0,"comment_status":"open","ping_status":"open","sticky":false,"template":"","format":"standard","meta":{"footnotes":""},"categories":[1],"tags":[219],"class_list":["post-5023","post","type-post","status-publish","format-standard","hentry","category-uncategorized","tag-mavic","content-columns-1"],"_links":{"self":[{"href":"https:\/\/www.ulkoilutankameraa.fi\/blog\/index.php?rest_route=\/wp\/v2\/posts\/5023","targetHints":{"allow":["GET"]}}],"collection":[{"href":"https:\/\/www.ulkoilutankameraa.fi\/blog\/index.php?rest_route=\/wp\/v2\/posts"}],"about":[{"href":"https:\/\/www.ulkoilutankameraa.fi\/blog\/index.php?rest_route=\/wp\/v2\/types\/post"}],"author":[{"embeddable":true,"href":"https:\/\/www.ulkoilutankameraa.fi\/blog\/index.php?rest_route=\/wp\/v2\/users\/1"}],"replies":[{"embeddable":true,"href":"https:\/\/www.ulkoilutankameraa.fi\/blog\/index.php?rest_route=%2Fwp%2Fv2%2Fcomments&post=5023"}],"version-history":[{"count":1,"href":"https:\/\/www.ulkoilutankameraa.fi\/blog\/index.php?rest_route=\/wp\/v2\/posts\/5023\/revisions"}],"predecessor-version":[{"id":5024,"href":"https:\/\/www.ulkoilutankameraa.fi\/blog\/index.php?rest_route=\/wp\/v2\/posts\/5023\/revisions\/5024"}],"wp:attachment":[{"href":"https:\/\/www.ulkoilutankameraa.fi\/blog\/index.php?rest_route=%2Fwp%2Fv2%2Fmedia&parent=5023"}],"wp:term":[{"taxonomy":"category","embeddable":true,"href":"https:\/\/www.ulkoilutankameraa.fi\/blog\/index.php?rest_route=%2Fwp%2Fv2%2Fcategories&post=5023"},{"taxonomy":"post_tag","embeddable":true,"href":"https:\/\/www.ulkoilutankameraa.fi\/blog\/index.php?rest_route=%2Fwp%2Fv2%2Ftags&post=5023"}],"curies":[{"name":"wp","href":"https:\/\/api.w.org\/{rel}","templated":true}]}}