{"id":5025,"date":"2019-01-22T18:43:52","date_gmt":"2019-01-22T16:43:52","guid":{"rendered":"http:\/\/www.ulkoilutankameraa.fi\/blog\/?p=5025"},"modified":"2019-01-21T18:57:25","modified_gmt":"2019-01-21T16:57:25","slug":"taytekuvia","status":"publish","type":"post","link":"https:\/\/www.ulkoilutankameraa.fi\/blog\/?p=5025","title":{"rendered":"T\u00e4ytekuvia"},"content":{"rendered":"\n<p>Laitetaan nyt n\u00e4m\u00e4 paluumatkankin kuvat, kun kerrat tuli otettua ja s\u00e4\u00e4delty\u00e4. En laita enemp\u00e4\u00e4, mutta n\u00e4iss\u00e4 on mielenkiintoisesti taas ero Olympuksen ja Mavicin valkotasapainossa ja lumen toistossa. En ole n\u00e4k\u00f6j\u00e4\u00e4n kummankaan kanssa oikein kotonani. Tulis vaan kes\u00e4.<\/p>\n\n\n\n<figure class=\"wp-block-image\"><img loading=\"lazy\" decoding=\"async\" width=\"1024\" height=\"768\" src=\"http:\/\/www.ulkoilutankameraa.fi\/blog\/wp-content\/uploads\/2019\/01\/P1200146-1024x768.jpg\" alt=\"\" class=\"wp-image-5022\" srcset=\"https:\/\/www.ulkoilutankameraa.fi\/blog\/wp-content\/uploads\/2019\/01\/P1200146.jpg 1024w, https:\/\/www.ulkoilutankameraa.fi\/blog\/wp-content\/uploads\/2019\/01\/P1200146-150x113.jpg 150w, https:\/\/www.ulkoilutankameraa.fi\/blog\/wp-content\/uploads\/2019\/01\/P1200146-325x244.jpg 325w, https:\/\/www.ulkoilutankameraa.fi\/blog\/wp-content\/uploads\/2019\/01\/P1200146-904x678.jpg 904w\" sizes=\"auto, (max-width: 1024px) 100vw, 1024px\" \/><\/figure>\n\n\n\n<figure class=\"wp-block-image\"><img loading=\"lazy\" decoding=\"async\" width=\"1024\" height=\"767\" src=\"http:\/\/www.ulkoilutankameraa.fi\/blog\/wp-content\/uploads\/2019\/01\/DJI_0483-1024x767.jpg\" alt=\"\" class=\"wp-image-5021\" srcset=\"https:\/\/www.ulkoilutankameraa.fi\/blog\/wp-content\/uploads\/2019\/01\/DJI_0483.jpg 1024w, https:\/\/www.ulkoilutankameraa.fi\/blog\/wp-content\/uploads\/2019\/01\/DJI_0483-150x112.jpg 150w, https:\/\/www.ulkoilutankameraa.fi\/blog\/wp-content\/uploads\/2019\/01\/DJI_0483-325x243.jpg 325w, https:\/\/www.ulkoilutankameraa.fi\/blog\/wp-content\/uploads\/2019\/01\/DJI_0483-904x677.jpg 904w\" sizes=\"auto, (max-width: 1024px) 100vw, 1024px\" \/><\/figure>\n","protected":false},"excerpt":{"rendered":"<p>Laitetaan nyt n\u00e4m\u00e4 paluumatkankin kuvat, kun kerrat tuli otettua ja s\u00e4\u00e4delty\u00e4. En laita enemp\u00e4\u00e4, mutta n\u00e4iss\u00e4 on mielenkiintoisesti taas ero Olympuksen ja Mavicin valkotasapainossa ja lumen toistossa. En ole n\u00e4k\u00f6j\u00e4\u00e4n kummankaan kanssa oikein kotonani. Tulis vaan kes\u00e4.<\/p>\n","protected":false},"author":1,"featured_media":0,"comment_status":"open","ping_status":"open","sticky":false,"template":"","format":"standard","meta":{"footnotes":""},"categories":[1],"tags":[194,219],"class_list":["post-5025","post","type-post","status-publish","format-standard","hentry","category-uncategorized","tag-maisemakuvat","tag-mavic","content-columns-1"],"_links":{"self":[{"href":"https:\/\/www.ulkoilutankameraa.fi\/blog\/index.php?rest_route=\/wp\/v2\/posts\/5025","targetHints":{"allow":["GET"]}}],"collection":[{"href":"https:\/\/www.ulkoilutankameraa.fi\/blog\/index.php?rest_route=\/wp\/v2\/posts"}],"about":[{"href":"https:\/\/www.ulkoilutankameraa.fi\/blog\/index.php?rest_route=\/wp\/v2\/types\/post"}],"author":[{"embeddable":true,"href":"https:\/\/www.ulkoilutankameraa.fi\/blog\/index.php?rest_route=\/wp\/v2\/users\/1"}],"replies":[{"embeddable":true,"href":"https:\/\/www.ulkoilutankameraa.fi\/blog\/index.php?rest_route=%2Fwp%2Fv2%2Fcomments&post=5025"}],"version-history":[{"count":1,"href":"https:\/\/www.ulkoilutankameraa.fi\/blog\/index.php?rest_route=\/wp\/v2\/posts\/5025\/revisions"}],"predecessor-version":[{"id":5026,"href":"https:\/\/www.ulkoilutankameraa.fi\/blog\/index.php?rest_route=\/wp\/v2\/posts\/5025\/revisions\/5026"}],"wp:attachment":[{"href":"https:\/\/www.ulkoilutankameraa.fi\/blog\/index.php?rest_route=%2Fwp%2Fv2%2Fmedia&parent=5025"}],"wp:term":[{"taxonomy":"category","embeddable":true,"href":"https:\/\/www.ulkoilutankameraa.fi\/blog\/index.php?rest_route=%2Fwp%2Fv2%2Fcategories&post=5025"},{"taxonomy":"post_tag","embeddable":true,"href":"https:\/\/www.ulkoilutankameraa.fi\/blog\/index.php?rest_route=%2Fwp%2Fv2%2Ftags&post=5025"}],"curies":[{"name":"wp","href":"https:\/\/api.w.org\/{rel}","templated":true}]}}