{"id":5064,"date":"2019-04-06T21:52:58","date_gmt":"2019-04-06T18:52:58","guid":{"rendered":"http:\/\/www.ulkoilutankameraa.fi\/blog\/?p=5064"},"modified":"2019-04-06T21:53:00","modified_gmt":"2019-04-06T18:53:00","slug":"kuunnellaan-kevatta-pienella-jarvella-3","status":"publish","type":"post","link":"https:\/\/www.ulkoilutankameraa.fi\/blog\/?p=5064","title":{"rendered":"Kuunnellaan kev\u00e4tt\u00e4- Pienell\u00e4 j\u00e4rvell\u00e4 3"},"content":{"rendered":"\n<p>Yksi kev\u00e4\u00e4n kauneimpia \u00e4\u00e4ni\u00e4 on kun aurinkoisena p\u00e4iv\u00e4n\u00e4 j\u00e4rven j\u00e4\u00e4ll\u00e4 kuulee miten lumi sulaessaan sihisee. (Tee kuuntelu l\u00e4hell\u00e4 rantaa.)<\/p>\n\n\n\n<p>Oli hienoa olla pitk\u00e4st\u00e4 aikaa pienell\u00e4 j\u00e4rvell\u00e4. Niin rauhallista. Samanlainen tunnelma kuin kolme kuukautta sitten ensij\u00e4ill\u00e4.<\/p>\n\n\n\n<figure class=\"wp-block-image\"><img loading=\"lazy\" decoding=\"async\" width=\"1024\" height=\"768\" src=\"http:\/\/www.ulkoilutankameraa.fi\/blog\/wp-content\/uploads\/2019\/04\/P4060003-1024x768.jpg\" alt=\"\" class=\"wp-image-5062\" srcset=\"https:\/\/www.ulkoilutankameraa.fi\/blog\/wp-content\/uploads\/2019\/04\/P4060003.jpg 1024w, https:\/\/www.ulkoilutankameraa.fi\/blog\/wp-content\/uploads\/2019\/04\/P4060003-150x113.jpg 150w, https:\/\/www.ulkoilutankameraa.fi\/blog\/wp-content\/uploads\/2019\/04\/P4060003-325x244.jpg 325w, https:\/\/www.ulkoilutankameraa.fi\/blog\/wp-content\/uploads\/2019\/04\/P4060003-904x678.jpg 904w\" sizes=\"auto, (max-width: 1024px) 100vw, 1024px\" \/><\/figure>\n\n\n\n<figure class=\"wp-block-image\"><img loading=\"lazy\" decoding=\"async\" width=\"1024\" height=\"768\" src=\"http:\/\/www.ulkoilutankameraa.fi\/blog\/wp-content\/uploads\/2019\/04\/P4060010-1024x768.jpg\" alt=\"\" class=\"wp-image-5063\" srcset=\"https:\/\/www.ulkoilutankameraa.fi\/blog\/wp-content\/uploads\/2019\/04\/P4060010.jpg 1024w, https:\/\/www.ulkoilutankameraa.fi\/blog\/wp-content\/uploads\/2019\/04\/P4060010-150x113.jpg 150w, https:\/\/www.ulkoilutankameraa.fi\/blog\/wp-content\/uploads\/2019\/04\/P4060010-325x244.jpg 325w, https:\/\/www.ulkoilutankameraa.fi\/blog\/wp-content\/uploads\/2019\/04\/P4060010-904x678.jpg 904w\" sizes=\"auto, (max-width: 1024px) 100vw, 1024px\" \/><\/figure>\n\n\n\n<p><\/p>\n","protected":false},"excerpt":{"rendered":"<p>Yksi kev\u00e4\u00e4n kauneimpia \u00e4\u00e4ni\u00e4 on kun aurinkoisena p\u00e4iv\u00e4n\u00e4 j\u00e4rven j\u00e4\u00e4ll\u00e4 kuulee miten lumi sulaessaan sihisee. (Tee kuuntelu l\u00e4hell\u00e4 rantaa.) Oli hienoa olla pitk\u00e4st\u00e4 aikaa pienell\u00e4 j\u00e4rvell\u00e4. Niin rauhallista. Samanlainen tunnelma kuin kolme kuukautta sitten ensij\u00e4ill\u00e4.<\/p>\n","protected":false},"author":1,"featured_media":0,"comment_status":"open","ping_status":"open","sticky":false,"template":"","format":"standard","meta":{"footnotes":""},"categories":[1],"tags":[105,194],"class_list":["post-5064","post","type-post","status-publish","format-standard","hentry","category-uncategorized","tag-jarvi","tag-maisemakuvat","content-columns-1"],"_links":{"self":[{"href":"https:\/\/www.ulkoilutankameraa.fi\/blog\/index.php?rest_route=\/wp\/v2\/posts\/5064","targetHints":{"allow":["GET"]}}],"collection":[{"href":"https:\/\/www.ulkoilutankameraa.fi\/blog\/index.php?rest_route=\/wp\/v2\/posts"}],"about":[{"href":"https:\/\/www.ulkoilutankameraa.fi\/blog\/index.php?rest_route=\/wp\/v2\/types\/post"}],"author":[{"embeddable":true,"href":"https:\/\/www.ulkoilutankameraa.fi\/blog\/index.php?rest_route=\/wp\/v2\/users\/1"}],"replies":[{"embeddable":true,"href":"https:\/\/www.ulkoilutankameraa.fi\/blog\/index.php?rest_route=%2Fwp%2Fv2%2Fcomments&post=5064"}],"version-history":[{"count":1,"href":"https:\/\/www.ulkoilutankameraa.fi\/blog\/index.php?rest_route=\/wp\/v2\/posts\/5064\/revisions"}],"predecessor-version":[{"id":5065,"href":"https:\/\/www.ulkoilutankameraa.fi\/blog\/index.php?rest_route=\/wp\/v2\/posts\/5064\/revisions\/5065"}],"wp:attachment":[{"href":"https:\/\/www.ulkoilutankameraa.fi\/blog\/index.php?rest_route=%2Fwp%2Fv2%2Fmedia&parent=5064"}],"wp:term":[{"taxonomy":"category","embeddable":true,"href":"https:\/\/www.ulkoilutankameraa.fi\/blog\/index.php?rest_route=%2Fwp%2Fv2%2Fcategories&post=5064"},{"taxonomy":"post_tag","embeddable":true,"href":"https:\/\/www.ulkoilutankameraa.fi\/blog\/index.php?rest_route=%2Fwp%2Fv2%2Ftags&post=5064"}],"curies":[{"name":"wp","href":"https:\/\/api.w.org\/{rel}","templated":true}]}}