{"id":5071,"date":"2019-04-15T18:00:54","date_gmt":"2019-04-15T15:00:54","guid":{"rendered":"http:\/\/www.ulkoilutankameraa.fi\/blog\/?p=5071"},"modified":"2019-04-14T19:25:52","modified_gmt":"2019-04-14T16:25:52","slug":"puiden-varjot","status":"publish","type":"post","link":"https:\/\/www.ulkoilutankameraa.fi\/blog\/?p=5071","title":{"rendered":"Puiden varjot"},"content":{"rendered":"\n<p>Olipa nerokas otsikko. Omaansa pit\u00e4\u00e4 aina kehua, koska muut eiv\u00e4t sit\u00e4 tee. T\u00e4st\u00e4 kuvasta min\u00e4 tykk\u00e4\u00e4n &#8211; kopterikuvana. Taiteellinen vaikutelma, valon ja varjon k\u00e4ytt\u00f6, v\u00e4rit, kompositio. T\u00e4t\u00e4 kuvaa ei olisi voinut ottaa ilman kopteria.<\/p>\n\n\n\n<p>Sen huomasin taas, ett\u00e4 jos valo on lattea, niin kuvat ovat latteampia. Ei ole harmaan p\u00e4iv\u00e4n kamera t\u00e4m\u00e4 &#8211; jos mik\u00e4\u00e4n. T\u00e4ss\u00e4 kuvassa taivas onneksi repesi ja aurinko p\u00e4\u00e4si vapaasti paistamaan. <\/p>\n\n\n\n<p>Harmauteen liittyen sattui my\u00f6s sellainen tapahtuma, ett\u00e4 puhelimen n\u00e4yt\u00f6st\u00e4 ei oikein saanut selv\u00e4\u00e4, mit\u00e4 olin kuvaamassa. Se oli jotenkin tumma. P\u00e4\u00e4s\u00e4\u00e4nt\u00f6isesti kuvaan histogrammin kanssa, koska n\u00e4yt\u00f6n kirkkauteen ei voi juurikaan voi luottaa. Keskeytin lenn\u00e4tyksen hetkeksi ja s\u00e4\u00e4din n\u00e4yt\u00f6n kirkkautta. En tied\u00e4 mit\u00e4 tapahtui, mutta se meni kuitenkin l\u00e4hes pime\u00e4ksi. Niin pime\u00e4ksi, ett\u00e4 ei siit\u00e4 n\u00e4hnyt ainakaan kopterin lenn\u00e4tysohjelmaa. T\u00e4ss\u00e4 kohtaa oli hyv\u00e4, ett\u00e4 oli n\u00e4k\u00f6yhteys kopteriin ja sen sai tuotua hallitusti alas. Muutama tunti my\u00f6hemmin tuli mieleen, ett\u00e4 olisihan sen saanut kotiin my\u00f6s ohjaimen H-painikkeella, mutta sit\u00e4 tied\u00e4 mink\u00e4 puskan kautta se olisi yritt\u00e4nyt palata. En ole viel\u00e4k\u00e4\u00e4n kokeillut mets\u00e4ss\u00e4 tuota toimintoa. <\/p>\n\n\n\n<figure class=\"wp-block-image\"><img loading=\"lazy\" decoding=\"async\" width=\"1024\" height=\"767\" src=\"http:\/\/www.ulkoilutankameraa.fi\/blog\/wp-content\/uploads\/2019\/04\/DJI_0515-1024x767.jpg\" alt=\"\" class=\"wp-image-5067\" srcset=\"https:\/\/www.ulkoilutankameraa.fi\/blog\/wp-content\/uploads\/2019\/04\/DJI_0515.jpg 1024w, https:\/\/www.ulkoilutankameraa.fi\/blog\/wp-content\/uploads\/2019\/04\/DJI_0515-150x112.jpg 150w, https:\/\/www.ulkoilutankameraa.fi\/blog\/wp-content\/uploads\/2019\/04\/DJI_0515-325x243.jpg 325w, https:\/\/www.ulkoilutankameraa.fi\/blog\/wp-content\/uploads\/2019\/04\/DJI_0515-904x677.jpg 904w\" sizes=\"auto, (max-width: 1024px) 100vw, 1024px\" \/><\/figure>\n","protected":false},"excerpt":{"rendered":"<p>Olipa nerokas otsikko. Omaansa pit\u00e4\u00e4 aina kehua, koska muut eiv\u00e4t sit\u00e4 tee. T\u00e4st\u00e4 kuvasta min\u00e4 tykk\u00e4\u00e4n &#8211; kopterikuvana. Taiteellinen vaikutelma, valon ja varjon k\u00e4ytt\u00f6, v\u00e4rit, kompositio. T\u00e4t\u00e4 kuvaa ei olisi voinut ottaa ilman kopteria. Sen huomasin taas, ett\u00e4 jos valo on lattea, niin kuvat ovat latteampia. Ei ole harmaan p\u00e4iv\u00e4n kamera t\u00e4m\u00e4 &#8211; jos mik\u00e4\u00e4n. [&hellip;]<\/p>\n","protected":false},"author":1,"featured_media":0,"comment_status":"open","ping_status":"open","sticky":false,"template":"","format":"standard","meta":{"footnotes":""},"categories":[1],"tags":[81,219],"class_list":["post-5071","post","type-post","status-publish","format-standard","hentry","category-uncategorized","tag-maisemat","tag-mavic","content-columns-1"],"_links":{"self":[{"href":"https:\/\/www.ulkoilutankameraa.fi\/blog\/index.php?rest_route=\/wp\/v2\/posts\/5071","targetHints":{"allow":["GET"]}}],"collection":[{"href":"https:\/\/www.ulkoilutankameraa.fi\/blog\/index.php?rest_route=\/wp\/v2\/posts"}],"about":[{"href":"https:\/\/www.ulkoilutankameraa.fi\/blog\/index.php?rest_route=\/wp\/v2\/types\/post"}],"author":[{"embeddable":true,"href":"https:\/\/www.ulkoilutankameraa.fi\/blog\/index.php?rest_route=\/wp\/v2\/users\/1"}],"replies":[{"embeddable":true,"href":"https:\/\/www.ulkoilutankameraa.fi\/blog\/index.php?rest_route=%2Fwp%2Fv2%2Fcomments&post=5071"}],"version-history":[{"count":2,"href":"https:\/\/www.ulkoilutankameraa.fi\/blog\/index.php?rest_route=\/wp\/v2\/posts\/5071\/revisions"}],"predecessor-version":[{"id":5073,"href":"https:\/\/www.ulkoilutankameraa.fi\/blog\/index.php?rest_route=\/wp\/v2\/posts\/5071\/revisions\/5073"}],"wp:attachment":[{"href":"https:\/\/www.ulkoilutankameraa.fi\/blog\/index.php?rest_route=%2Fwp%2Fv2%2Fmedia&parent=5071"}],"wp:term":[{"taxonomy":"category","embeddable":true,"href":"https:\/\/www.ulkoilutankameraa.fi\/blog\/index.php?rest_route=%2Fwp%2Fv2%2Fcategories&post=5071"},{"taxonomy":"post_tag","embeddable":true,"href":"https:\/\/www.ulkoilutankameraa.fi\/blog\/index.php?rest_route=%2Fwp%2Fv2%2Ftags&post=5071"}],"curies":[{"name":"wp","href":"https:\/\/api.w.org\/{rel}","templated":true}]}}