{"id":5076,"date":"2019-04-21T20:12:06","date_gmt":"2019-04-21T17:12:06","guid":{"rendered":"http:\/\/www.ulkoilutankameraa.fi\/blog\/?p=5076"},"modified":"2019-04-21T20:12:07","modified_gmt":"2019-04-21T17:12:07","slug":"kevat-etenee-pienella-jarvella-5","status":"publish","type":"post","link":"https:\/\/www.ulkoilutankameraa.fi\/blog\/?p=5076","title":{"rendered":"Kev\u00e4t etenee pienell\u00e4 j\u00e4rvell\u00e4 5"},"content":{"rendered":"\n<p>Viikkoa my\u00f6hemmin j\u00e4\u00e4t ovat melkein l\u00e4hteneet. Aivan kuin linnut olisivat jo odottaneet rannoilla, koska paikkoja olivat jo varailemassa kalalokit, rantasipi, kaksi kuikkaparia ja kanadanhanhi &#8211; joutsenet ovat viel\u00e4 jossain muualla.<\/p>\n\n\n\n<p>J\u00e4nn\u00e4sti tuo vesi on noin mustaa kun ylh\u00e4\u00e4lt\u00e4 katsoo.<\/p>\n\n\n\n<figure class=\"wp-block-image\"><img loading=\"lazy\" decoding=\"async\" width=\"1024\" height=\"767\" src=\"http:\/\/www.ulkoilutankameraa.fi\/blog\/wp-content\/uploads\/2019\/04\/DJI_0520-1024x767.jpg\" alt=\"\" class=\"wp-image-5075\" srcset=\"https:\/\/www.ulkoilutankameraa.fi\/blog\/wp-content\/uploads\/2019\/04\/DJI_0520.jpg 1024w, https:\/\/www.ulkoilutankameraa.fi\/blog\/wp-content\/uploads\/2019\/04\/DJI_0520-150x112.jpg 150w, https:\/\/www.ulkoilutankameraa.fi\/blog\/wp-content\/uploads\/2019\/04\/DJI_0520-325x243.jpg 325w, https:\/\/www.ulkoilutankameraa.fi\/blog\/wp-content\/uploads\/2019\/04\/DJI_0520-904x677.jpg 904w\" sizes=\"auto, (max-width: 1024px) 100vw, 1024px\" \/><\/figure>\n","protected":false},"excerpt":{"rendered":"<p>Viikkoa my\u00f6hemmin j\u00e4\u00e4t ovat melkein l\u00e4hteneet. Aivan kuin linnut olisivat jo odottaneet rannoilla, koska paikkoja olivat jo varailemassa kalalokit, rantasipi, kaksi kuikkaparia ja kanadanhanhi &#8211; joutsenet ovat viel\u00e4 jossain muualla. J\u00e4nn\u00e4sti tuo vesi on noin mustaa kun ylh\u00e4\u00e4lt\u00e4 katsoo.<\/p>\n","protected":false},"author":1,"featured_media":0,"comment_status":"open","ping_status":"open","sticky":false,"template":"","format":"standard","meta":{"footnotes":""},"categories":[1],"tags":[194,219],"class_list":["post-5076","post","type-post","status-publish","format-standard","hentry","category-uncategorized","tag-maisemakuvat","tag-mavic","content-columns-1"],"_links":{"self":[{"href":"https:\/\/www.ulkoilutankameraa.fi\/blog\/index.php?rest_route=\/wp\/v2\/posts\/5076","targetHints":{"allow":["GET"]}}],"collection":[{"href":"https:\/\/www.ulkoilutankameraa.fi\/blog\/index.php?rest_route=\/wp\/v2\/posts"}],"about":[{"href":"https:\/\/www.ulkoilutankameraa.fi\/blog\/index.php?rest_route=\/wp\/v2\/types\/post"}],"author":[{"embeddable":true,"href":"https:\/\/www.ulkoilutankameraa.fi\/blog\/index.php?rest_route=\/wp\/v2\/users\/1"}],"replies":[{"embeddable":true,"href":"https:\/\/www.ulkoilutankameraa.fi\/blog\/index.php?rest_route=%2Fwp%2Fv2%2Fcomments&post=5076"}],"version-history":[{"count":1,"href":"https:\/\/www.ulkoilutankameraa.fi\/blog\/index.php?rest_route=\/wp\/v2\/posts\/5076\/revisions"}],"predecessor-version":[{"id":5077,"href":"https:\/\/www.ulkoilutankameraa.fi\/blog\/index.php?rest_route=\/wp\/v2\/posts\/5076\/revisions\/5077"}],"wp:attachment":[{"href":"https:\/\/www.ulkoilutankameraa.fi\/blog\/index.php?rest_route=%2Fwp%2Fv2%2Fmedia&parent=5076"}],"wp:term":[{"taxonomy":"category","embeddable":true,"href":"https:\/\/www.ulkoilutankameraa.fi\/blog\/index.php?rest_route=%2Fwp%2Fv2%2Fcategories&post=5076"},{"taxonomy":"post_tag","embeddable":true,"href":"https:\/\/www.ulkoilutankameraa.fi\/blog\/index.php?rest_route=%2Fwp%2Fv2%2Ftags&post=5076"}],"curies":[{"name":"wp","href":"https:\/\/api.w.org\/{rel}","templated":true}]}}