{"id":5107,"date":"2019-05-01T19:00:04","date_gmt":"2019-05-01T16:00:04","guid":{"rendered":"http:\/\/www.ulkoilutankameraa.fi\/blog\/?p=5107"},"modified":"2019-04-28T20:32:03","modified_gmt":"2019-04-28T17:32:03","slug":"metsanhoidollisia-toimenpiteita","status":"publish","type":"post","link":"https:\/\/www.ulkoilutankameraa.fi\/blog\/?p=5107","title":{"rendered":"Mets\u00e4nhoidollisia toimenpiteit\u00e4"},"content":{"rendered":"\n<p>Ik\u00e4v\u00e4kseni huomaan, ett\u00e4 olen alkanut kyynisty\u00e4. T\u00e4llaisia n\u00e4kyj\u00e4 kohdatessani, mieleen tulee vain Ritva Kovalaisen &#8211; Sanni Sepon kirjan nimi  &#8211; mets\u00e4nhoidollisia toimenpiteit\u00e4. <\/p>\n\n\n\n<p>Jotain toivoa on. Olisin voinut vain todeta, ett\u00e4 olipa taas hankalaa kuvaaminen. Yht\u00e4kki\u00e4 kopteri piti p\u00e4ivitt\u00e4\u00e4, ohjaimen kaasuvipu ei ollut muka keskell\u00e4, ohjain piippaili, aurinko paistoi silmiin ja k\u00e4nnyk\u00e4st\u00e4 ei taaskaan n\u00e4hnyt kunnolla mit\u00e4 on kuvaamassa. <\/p>\n\n\n\n<p>Onhan sekin toivoa, ett\u00e4 onhan tuossa sent\u00e4\u00e4n k\u00e4ynniss\u00e4 uuden mets\u00e4n pohjaty\u00f6t. Jos hyvin menee, niin siin\u00e4 on parin vuoden p\u00e4\u00e4st\u00e4 jo 30 sentti\u00e4 korkea metsikk\u00f6.<\/p>\n\n\n\n<figure class=\"wp-block-image\"><img loading=\"lazy\" decoding=\"async\" width=\"1024\" height=\"767\" src=\"http:\/\/www.ulkoilutankameraa.fi\/blog\/wp-content\/uploads\/2019\/04\/DJI_0527-1024x767.jpg\" alt=\"\" class=\"wp-image-5109\" srcset=\"https:\/\/www.ulkoilutankameraa.fi\/blog\/wp-content\/uploads\/2019\/04\/DJI_0527.jpg 1024w, https:\/\/www.ulkoilutankameraa.fi\/blog\/wp-content\/uploads\/2019\/04\/DJI_0527-150x112.jpg 150w, https:\/\/www.ulkoilutankameraa.fi\/blog\/wp-content\/uploads\/2019\/04\/DJI_0527-325x243.jpg 325w, https:\/\/www.ulkoilutankameraa.fi\/blog\/wp-content\/uploads\/2019\/04\/DJI_0527-904x677.jpg 904w\" sizes=\"auto, (max-width: 1024px) 100vw, 1024px\" \/><\/figure>\n","protected":false},"excerpt":{"rendered":"<p>Ik\u00e4v\u00e4kseni huomaan, ett\u00e4 olen alkanut kyynisty\u00e4. T\u00e4llaisia n\u00e4kyj\u00e4 kohdatessani, mieleen tulee vain Ritva Kovalaisen &#8211; Sanni Sepon kirjan nimi &#8211; mets\u00e4nhoidollisia toimenpiteit\u00e4. Jotain toivoa on. Olisin voinut vain todeta, ett\u00e4 olipa taas hankalaa kuvaaminen. Yht\u00e4kki\u00e4 kopteri piti p\u00e4ivitt\u00e4\u00e4, ohjaimen kaasuvipu ei ollut muka keskell\u00e4, ohjain piippaili, aurinko paistoi silmiin ja k\u00e4nnyk\u00e4st\u00e4 ei taaskaan n\u00e4hnyt kunnolla [&hellip;]<\/p>\n","protected":false},"author":1,"featured_media":0,"comment_status":"open","ping_status":"open","sticky":false,"template":"","format":"standard","meta":{"footnotes":""},"categories":[1],"tags":[194,219],"class_list":["post-5107","post","type-post","status-publish","format-standard","hentry","category-uncategorized","tag-maisemakuvat","tag-mavic","content-columns-1"],"_links":{"self":[{"href":"https:\/\/www.ulkoilutankameraa.fi\/blog\/index.php?rest_route=\/wp\/v2\/posts\/5107","targetHints":{"allow":["GET"]}}],"collection":[{"href":"https:\/\/www.ulkoilutankameraa.fi\/blog\/index.php?rest_route=\/wp\/v2\/posts"}],"about":[{"href":"https:\/\/www.ulkoilutankameraa.fi\/blog\/index.php?rest_route=\/wp\/v2\/types\/post"}],"author":[{"embeddable":true,"href":"https:\/\/www.ulkoilutankameraa.fi\/blog\/index.php?rest_route=\/wp\/v2\/users\/1"}],"replies":[{"embeddable":true,"href":"https:\/\/www.ulkoilutankameraa.fi\/blog\/index.php?rest_route=%2Fwp%2Fv2%2Fcomments&post=5107"}],"version-history":[{"count":2,"href":"https:\/\/www.ulkoilutankameraa.fi\/blog\/index.php?rest_route=\/wp\/v2\/posts\/5107\/revisions"}],"predecessor-version":[{"id":5110,"href":"https:\/\/www.ulkoilutankameraa.fi\/blog\/index.php?rest_route=\/wp\/v2\/posts\/5107\/revisions\/5110"}],"wp:attachment":[{"href":"https:\/\/www.ulkoilutankameraa.fi\/blog\/index.php?rest_route=%2Fwp%2Fv2%2Fmedia&parent=5107"}],"wp:term":[{"taxonomy":"category","embeddable":true,"href":"https:\/\/www.ulkoilutankameraa.fi\/blog\/index.php?rest_route=%2Fwp%2Fv2%2Fcategories&post=5107"},{"taxonomy":"post_tag","embeddable":true,"href":"https:\/\/www.ulkoilutankameraa.fi\/blog\/index.php?rest_route=%2Fwp%2Fv2%2Ftags&post=5107"}],"curies":[{"name":"wp","href":"https:\/\/api.w.org\/{rel}","templated":true}]}}