{"id":5113,"date":"2019-05-02T19:00:20","date_gmt":"2019-05-02T16:00:20","guid":{"rendered":"http:\/\/www.ulkoilutankameraa.fi\/blog\/?p=5113"},"modified":"2019-04-28T20:52:47","modified_gmt":"2019-04-28T17:52:47","slug":"kehatien-kaari","status":"publish","type":"post","link":"https:\/\/www.ulkoilutankameraa.fi\/blog\/?p=5113","title":{"rendered":"Keh\u00e4tien kaari"},"content":{"rendered":"\n<p>Mets\u00e4ss\u00e4 ei ole ruutukaavaa eik\u00e4 tien suunnittelijalla suorakulmaa. Hyv\u00e4, ettei tiet\u00e4 yritet\u00e4 v\u00e4kisin sielt\u00e4, mist\u00e4 sen ei ole hyv\u00e4 menn\u00e4.<\/p>\n\n\n\n<p>T\u00e4ss\u00e4 kopterikuvassa oikeassa yl\u00e4kulmassa on jotain kummallista. Ei mit\u00e4\u00e4n k\u00e4sityst\u00e4, mist\u00e4 ilmi\u00f6st\u00e4 tuossa on kyse. <\/p>\n\n\n\n<figure class=\"wp-block-image\"><img loading=\"lazy\" decoding=\"async\" width=\"1024\" height=\"767\" src=\"http:\/\/www.ulkoilutankameraa.fi\/blog\/wp-content\/uploads\/2019\/04\/DJI_0543-1024x767.jpg\" alt=\"\" class=\"wp-image-5111\" srcset=\"https:\/\/www.ulkoilutankameraa.fi\/blog\/wp-content\/uploads\/2019\/04\/DJI_0543.jpg 1024w, https:\/\/www.ulkoilutankameraa.fi\/blog\/wp-content\/uploads\/2019\/04\/DJI_0543-150x112.jpg 150w, https:\/\/www.ulkoilutankameraa.fi\/blog\/wp-content\/uploads\/2019\/04\/DJI_0543-325x243.jpg 325w, https:\/\/www.ulkoilutankameraa.fi\/blog\/wp-content\/uploads\/2019\/04\/DJI_0543-904x677.jpg 904w\" sizes=\"auto, (max-width: 1024px) 100vw, 1024px\" \/><\/figure>\n\n\n\n<figure class=\"wp-block-image\"><img loading=\"lazy\" decoding=\"async\" width=\"1024\" height=\"767\" src=\"http:\/\/www.ulkoilutankameraa.fi\/blog\/wp-content\/uploads\/2019\/04\/DJI_0548-1024x767.jpg\" alt=\"\" class=\"wp-image-5112\" srcset=\"https:\/\/www.ulkoilutankameraa.fi\/blog\/wp-content\/uploads\/2019\/04\/DJI_0548.jpg 1024w, https:\/\/www.ulkoilutankameraa.fi\/blog\/wp-content\/uploads\/2019\/04\/DJI_0548-150x112.jpg 150w, https:\/\/www.ulkoilutankameraa.fi\/blog\/wp-content\/uploads\/2019\/04\/DJI_0548-325x243.jpg 325w, https:\/\/www.ulkoilutankameraa.fi\/blog\/wp-content\/uploads\/2019\/04\/DJI_0548-904x677.jpg 904w\" sizes=\"auto, (max-width: 1024px) 100vw, 1024px\" \/><\/figure>\n","protected":false},"excerpt":{"rendered":"<p>Mets\u00e4ss\u00e4 ei ole ruutukaavaa eik\u00e4 tien suunnittelijalla suorakulmaa. Hyv\u00e4, ettei tiet\u00e4 yritet\u00e4 v\u00e4kisin sielt\u00e4, mist\u00e4 sen ei ole hyv\u00e4 menn\u00e4. T\u00e4ss\u00e4 kopterikuvassa oikeassa yl\u00e4kulmassa on jotain kummallista. Ei mit\u00e4\u00e4n k\u00e4sityst\u00e4, mist\u00e4 ilmi\u00f6st\u00e4 tuossa on kyse.<\/p>\n","protected":false},"author":1,"featured_media":0,"comment_status":"open","ping_status":"open","sticky":false,"template":"","format":"standard","meta":{"footnotes":""},"categories":[1],"tags":[194,219,42],"class_list":["post-5113","post","type-post","status-publish","format-standard","hentry","category-uncategorized","tag-maisemakuvat","tag-mavic","tag-metsa","content-columns-1"],"_links":{"self":[{"href":"https:\/\/www.ulkoilutankameraa.fi\/blog\/index.php?rest_route=\/wp\/v2\/posts\/5113","targetHints":{"allow":["GET"]}}],"collection":[{"href":"https:\/\/www.ulkoilutankameraa.fi\/blog\/index.php?rest_route=\/wp\/v2\/posts"}],"about":[{"href":"https:\/\/www.ulkoilutankameraa.fi\/blog\/index.php?rest_route=\/wp\/v2\/types\/post"}],"author":[{"embeddable":true,"href":"https:\/\/www.ulkoilutankameraa.fi\/blog\/index.php?rest_route=\/wp\/v2\/users\/1"}],"replies":[{"embeddable":true,"href":"https:\/\/www.ulkoilutankameraa.fi\/blog\/index.php?rest_route=%2Fwp%2Fv2%2Fcomments&post=5113"}],"version-history":[{"count":1,"href":"https:\/\/www.ulkoilutankameraa.fi\/blog\/index.php?rest_route=\/wp\/v2\/posts\/5113\/revisions"}],"predecessor-version":[{"id":5114,"href":"https:\/\/www.ulkoilutankameraa.fi\/blog\/index.php?rest_route=\/wp\/v2\/posts\/5113\/revisions\/5114"}],"wp:attachment":[{"href":"https:\/\/www.ulkoilutankameraa.fi\/blog\/index.php?rest_route=%2Fwp%2Fv2%2Fmedia&parent=5113"}],"wp:term":[{"taxonomy":"category","embeddable":true,"href":"https:\/\/www.ulkoilutankameraa.fi\/blog\/index.php?rest_route=%2Fwp%2Fv2%2Fcategories&post=5113"},{"taxonomy":"post_tag","embeddable":true,"href":"https:\/\/www.ulkoilutankameraa.fi\/blog\/index.php?rest_route=%2Fwp%2Fv2%2Ftags&post=5113"}],"curies":[{"name":"wp","href":"https:\/\/api.w.org\/{rel}","templated":true}]}}