{"id":5128,"date":"2019-05-05T19:00:09","date_gmt":"2019-05-05T16:00:09","guid":{"rendered":"http:\/\/www.ulkoilutankameraa.fi\/blog\/?p=5128"},"modified":"2019-05-03T19:18:41","modified_gmt":"2019-05-03T16:18:41","slug":"asiat-ovat-niin-kuin-ne-nakee","status":"publish","type":"post","link":"https:\/\/www.ulkoilutankameraa.fi\/blog\/?p=5128","title":{"rendered":"Asiat ovat niin kuin ne n\u00e4kee"},"content":{"rendered":"\n<p>Lempimaisemissa taas k\u00e4pp\u00e4ilin ja ihastelin tuota ihanan makean vihre\u00e4\u00e4 koivikkoa. Tuossahan on kohta mets\u00e4. Ajattelin, ett\u00e4 ehdin viel\u00e4 n\u00e4hd\u00e4 ne aika isoina &#8211; jos hyvin menee. Hyv\u00e4lt\u00e4h\u00e4n se n\u00e4ytti 165 sentin korkeudelta. Menn\u00e4\u00e4np\u00e4 korkeammalle 10, 30, 60, 115 metri\u00e4. Ei en\u00e4\u00e4 niin vihre\u00e4\u00e4. Eik\u00e4 tule viel\u00e4 aikoihin olemaankaan. <\/p>\n\n\n\n<p>Vertailtavaksi yl\u00e4reunassa oleva m\u00e4nnikk\u00f6, jossa on jo isoja puita. Sen edess\u00e4 noin 3 &#8211; 5 metrisi\u00e4 kuusia. Viimeisen kuvan oikeassa yl\u00e4kulmassa t\u00e4n\u00e4 kev\u00e4\u00e4n\u00e4 kaadettu palsta.<\/p>\n\n\n\n<figure class=\"wp-block-image\"><img loading=\"lazy\" decoding=\"async\" width=\"1024\" height=\"767\" src=\"http:\/\/www.ulkoilutankameraa.fi\/blog\/wp-content\/uploads\/2019\/05\/DJI_0560-1024x767.jpg\" alt=\"\" class=\"wp-image-5124\" srcset=\"https:\/\/www.ulkoilutankameraa.fi\/blog\/wp-content\/uploads\/2019\/05\/DJI_0560.jpg 1024w, https:\/\/www.ulkoilutankameraa.fi\/blog\/wp-content\/uploads\/2019\/05\/DJI_0560-150x112.jpg 150w, https:\/\/www.ulkoilutankameraa.fi\/blog\/wp-content\/uploads\/2019\/05\/DJI_0560-325x243.jpg 325w, https:\/\/www.ulkoilutankameraa.fi\/blog\/wp-content\/uploads\/2019\/05\/DJI_0560-904x677.jpg 904w\" sizes=\"auto, (max-width: 1024px) 100vw, 1024px\" \/><figcaption>10 m<\/figcaption><\/figure>\n\n\n\n<figure class=\"wp-block-image\"><img loading=\"lazy\" decoding=\"async\" width=\"1024\" height=\"767\" src=\"http:\/\/www.ulkoilutankameraa.fi\/blog\/wp-content\/uploads\/2019\/05\/DJI_0561-1024x767.jpg\" alt=\"\" class=\"wp-image-5125\" srcset=\"https:\/\/www.ulkoilutankameraa.fi\/blog\/wp-content\/uploads\/2019\/05\/DJI_0561.jpg 1024w, https:\/\/www.ulkoilutankameraa.fi\/blog\/wp-content\/uploads\/2019\/05\/DJI_0561-150x112.jpg 150w, https:\/\/www.ulkoilutankameraa.fi\/blog\/wp-content\/uploads\/2019\/05\/DJI_0561-325x243.jpg 325w, https:\/\/www.ulkoilutankameraa.fi\/blog\/wp-content\/uploads\/2019\/05\/DJI_0561-904x677.jpg 904w\" sizes=\"auto, (max-width: 1024px) 100vw, 1024px\" \/><figcaption>30 m<\/figcaption><\/figure>\n\n\n\n<figure class=\"wp-block-image\"><img loading=\"lazy\" decoding=\"async\" width=\"1024\" height=\"767\" src=\"http:\/\/www.ulkoilutankameraa.fi\/blog\/wp-content\/uploads\/2019\/05\/DJI_0562-1024x767.jpg\" alt=\"\" class=\"wp-image-5126\" srcset=\"https:\/\/www.ulkoilutankameraa.fi\/blog\/wp-content\/uploads\/2019\/05\/DJI_0562.jpg 1024w, https:\/\/www.ulkoilutankameraa.fi\/blog\/wp-content\/uploads\/2019\/05\/DJI_0562-150x112.jpg 150w, https:\/\/www.ulkoilutankameraa.fi\/blog\/wp-content\/uploads\/2019\/05\/DJI_0562-325x243.jpg 325w, https:\/\/www.ulkoilutankameraa.fi\/blog\/wp-content\/uploads\/2019\/05\/DJI_0562-904x677.jpg 904w\" sizes=\"auto, (max-width: 1024px) 100vw, 1024px\" \/><figcaption>60 m<\/figcaption><\/figure>\n\n\n\n<figure class=\"wp-block-image\"><img loading=\"lazy\" decoding=\"async\" width=\"1024\" height=\"767\" src=\"http:\/\/www.ulkoilutankameraa.fi\/blog\/wp-content\/uploads\/2019\/05\/DJI_0563-1024x767.jpg\" alt=\"\" class=\"wp-image-5127\" srcset=\"https:\/\/www.ulkoilutankameraa.fi\/blog\/wp-content\/uploads\/2019\/05\/DJI_0563.jpg 1024w, https:\/\/www.ulkoilutankameraa.fi\/blog\/wp-content\/uploads\/2019\/05\/DJI_0563-150x112.jpg 150w, https:\/\/www.ulkoilutankameraa.fi\/blog\/wp-content\/uploads\/2019\/05\/DJI_0563-325x243.jpg 325w, https:\/\/www.ulkoilutankameraa.fi\/blog\/wp-content\/uploads\/2019\/05\/DJI_0563-904x677.jpg 904w\" sizes=\"auto, (max-width: 1024px) 100vw, 1024px\" \/><figcaption>115 m<\/figcaption><\/figure>\n","protected":false},"excerpt":{"rendered":"<p>Lempimaisemissa taas k\u00e4pp\u00e4ilin ja ihastelin tuota ihanan makean vihre\u00e4\u00e4 koivikkoa. Tuossahan on kohta mets\u00e4. Ajattelin, ett\u00e4 ehdin viel\u00e4 n\u00e4hd\u00e4 ne aika isoina &#8211; jos hyvin menee. Hyv\u00e4lt\u00e4h\u00e4n se n\u00e4ytti 165 sentin korkeudelta. Menn\u00e4\u00e4np\u00e4 korkeammalle 10, 30, 60, 115 metri\u00e4. Ei en\u00e4\u00e4 niin vihre\u00e4\u00e4. Eik\u00e4 tule viel\u00e4 aikoihin olemaankaan. Vertailtavaksi yl\u00e4reunassa oleva m\u00e4nnikk\u00f6, jossa on jo [&hellip;]<\/p>\n","protected":false},"author":1,"featured_media":0,"comment_status":"open","ping_status":"open","sticky":false,"template":"","format":"standard","meta":{"footnotes":""},"categories":[1],"tags":[219,42],"class_list":["post-5128","post","type-post","status-publish","format-standard","hentry","category-uncategorized","tag-mavic","tag-metsa","content-columns-1"],"_links":{"self":[{"href":"https:\/\/www.ulkoilutankameraa.fi\/blog\/index.php?rest_route=\/wp\/v2\/posts\/5128","targetHints":{"allow":["GET"]}}],"collection":[{"href":"https:\/\/www.ulkoilutankameraa.fi\/blog\/index.php?rest_route=\/wp\/v2\/posts"}],"about":[{"href":"https:\/\/www.ulkoilutankameraa.fi\/blog\/index.php?rest_route=\/wp\/v2\/types\/post"}],"author":[{"embeddable":true,"href":"https:\/\/www.ulkoilutankameraa.fi\/blog\/index.php?rest_route=\/wp\/v2\/users\/1"}],"replies":[{"embeddable":true,"href":"https:\/\/www.ulkoilutankameraa.fi\/blog\/index.php?rest_route=%2Fwp%2Fv2%2Fcomments&post=5128"}],"version-history":[{"count":1,"href":"https:\/\/www.ulkoilutankameraa.fi\/blog\/index.php?rest_route=\/wp\/v2\/posts\/5128\/revisions"}],"predecessor-version":[{"id":5129,"href":"https:\/\/www.ulkoilutankameraa.fi\/blog\/index.php?rest_route=\/wp\/v2\/posts\/5128\/revisions\/5129"}],"wp:attachment":[{"href":"https:\/\/www.ulkoilutankameraa.fi\/blog\/index.php?rest_route=%2Fwp%2Fv2%2Fmedia&parent=5128"}],"wp:term":[{"taxonomy":"category","embeddable":true,"href":"https:\/\/www.ulkoilutankameraa.fi\/blog\/index.php?rest_route=%2Fwp%2Fv2%2Fcategories&post=5128"},{"taxonomy":"post_tag","embeddable":true,"href":"https:\/\/www.ulkoilutankameraa.fi\/blog\/index.php?rest_route=%2Fwp%2Fv2%2Ftags&post=5128"}],"curies":[{"name":"wp","href":"https:\/\/api.w.org\/{rel}","templated":true}]}}