{"id":5139,"date":"2019-05-19T17:54:04","date_gmt":"2019-05-19T14:54:04","guid":{"rendered":"http:\/\/www.ulkoilutankameraa.fi\/blog\/?p=5139"},"modified":"2019-05-19T17:54:06","modified_gmt":"2019-05-19T14:54:06","slug":"kesan-ensimmainen-korento","status":"publish","type":"post","link":"https:\/\/www.ulkoilutankameraa.fi\/blog\/?p=5139","title":{"rendered":"Kes\u00e4n ensimm\u00e4inen korento"},"content":{"rendered":"\n<p>Kiitos olohuoneremontin, luulin, ett\u00e4 m\u00e4\u00e4ritysoppaat ovat lopullisesti kadonneet, eik\u00e4 minun tarvitse en\u00e4\u00e4 koskaan edes yritt\u00e4\u00e4 m\u00e4\u00e4ritt\u00e4\u00e4 n\u00e4it\u00e4. Kuvata vain ja ihastella. Kuinka ollakaan, vilkaisin vasemmalle ja tunnistin heti Suomen sudenkorennot kirjan. Sen mit\u00e4 kes\u00e4n aikana n\u00e4ist\u00e4 opin, ehdin talven aikana unohtaa. Perhosia muistan, mutta n\u00e4m\u00e4 eiv\u00e4t vaan j\u00e4\u00e4 p\u00e4\u00e4h\u00e4n. Sanoisin kuitenkin, ett\u00e4 t\u00e4m\u00e4 on vaskikorento. Ellei ole, niin olkoon joku muu.<\/p>\n\n\n\n<figure class=\"wp-block-image\"><img loading=\"lazy\" decoding=\"async\" width=\"1024\" height=\"768\" src=\"http:\/\/www.ulkoilutankameraa.fi\/blog\/wp-content\/uploads\/2019\/05\/P5190084-1024x768.jpg\" alt=\"\" class=\"wp-image-5138\" srcset=\"https:\/\/www.ulkoilutankameraa.fi\/blog\/wp-content\/uploads\/2019\/05\/P5190084.jpg 1024w, https:\/\/www.ulkoilutankameraa.fi\/blog\/wp-content\/uploads\/2019\/05\/P5190084-150x113.jpg 150w, https:\/\/www.ulkoilutankameraa.fi\/blog\/wp-content\/uploads\/2019\/05\/P5190084-325x244.jpg 325w, https:\/\/www.ulkoilutankameraa.fi\/blog\/wp-content\/uploads\/2019\/05\/P5190084-904x678.jpg 904w\" sizes=\"auto, (max-width: 1024px) 100vw, 1024px\" \/><\/figure>\n","protected":false},"excerpt":{"rendered":"<p>Kiitos olohuoneremontin, luulin, ett\u00e4 m\u00e4\u00e4ritysoppaat ovat lopullisesti kadonneet, eik\u00e4 minun tarvitse en\u00e4\u00e4 koskaan edes yritt\u00e4\u00e4 m\u00e4\u00e4ritt\u00e4\u00e4 n\u00e4it\u00e4. Kuvata vain ja ihastella. Kuinka ollakaan, vilkaisin vasemmalle ja tunnistin heti Suomen sudenkorennot kirjan. Sen mit\u00e4 kes\u00e4n aikana n\u00e4ist\u00e4 opin, ehdin talven aikana unohtaa. Perhosia muistan, mutta n\u00e4m\u00e4 eiv\u00e4t vaan j\u00e4\u00e4 p\u00e4\u00e4h\u00e4n. Sanoisin kuitenkin, ett\u00e4 t\u00e4m\u00e4 on vaskikorento. [&hellip;]<\/p>\n","protected":false},"author":1,"featured_media":0,"comment_status":"open","ping_status":"open","sticky":false,"template":"","format":"standard","meta":{"footnotes":""},"categories":[1],"tags":[33,32],"class_list":["post-5139","post","type-post","status-publish","format-standard","hentry","category-uncategorized","tag-dragonfly","tag-korennot","content-columns-1"],"_links":{"self":[{"href":"https:\/\/www.ulkoilutankameraa.fi\/blog\/index.php?rest_route=\/wp\/v2\/posts\/5139","targetHints":{"allow":["GET"]}}],"collection":[{"href":"https:\/\/www.ulkoilutankameraa.fi\/blog\/index.php?rest_route=\/wp\/v2\/posts"}],"about":[{"href":"https:\/\/www.ulkoilutankameraa.fi\/blog\/index.php?rest_route=\/wp\/v2\/types\/post"}],"author":[{"embeddable":true,"href":"https:\/\/www.ulkoilutankameraa.fi\/blog\/index.php?rest_route=\/wp\/v2\/users\/1"}],"replies":[{"embeddable":true,"href":"https:\/\/www.ulkoilutankameraa.fi\/blog\/index.php?rest_route=%2Fwp%2Fv2%2Fcomments&post=5139"}],"version-history":[{"count":1,"href":"https:\/\/www.ulkoilutankameraa.fi\/blog\/index.php?rest_route=\/wp\/v2\/posts\/5139\/revisions"}],"predecessor-version":[{"id":5140,"href":"https:\/\/www.ulkoilutankameraa.fi\/blog\/index.php?rest_route=\/wp\/v2\/posts\/5139\/revisions\/5140"}],"wp:attachment":[{"href":"https:\/\/www.ulkoilutankameraa.fi\/blog\/index.php?rest_route=%2Fwp%2Fv2%2Fmedia&parent=5139"}],"wp:term":[{"taxonomy":"category","embeddable":true,"href":"https:\/\/www.ulkoilutankameraa.fi\/blog\/index.php?rest_route=%2Fwp%2Fv2%2Fcategories&post=5139"},{"taxonomy":"post_tag","embeddable":true,"href":"https:\/\/www.ulkoilutankameraa.fi\/blog\/index.php?rest_route=%2Fwp%2Fv2%2Ftags&post=5139"}],"curies":[{"name":"wp","href":"https:\/\/api.w.org\/{rel}","templated":true}]}}