{"id":5151,"date":"2019-06-01T19:41:04","date_gmt":"2019-06-01T16:41:04","guid":{"rendered":"http:\/\/www.ulkoilutankameraa.fi\/blog\/?p=5151"},"modified":"2019-06-01T19:41:06","modified_gmt":"2019-06-01T16:41:06","slug":"kalustopaivitys-om-d-e-m1-mkii","status":"publish","type":"post","link":"https:\/\/www.ulkoilutankameraa.fi\/blog\/?p=5151","title":{"rendered":"Kalustop\u00e4ivitys OM-D E-M1 mkII"},"content":{"rendered":"\n<p>Vihdoin sain t\u00e4m\u00e4n hankittua. Onhan sit\u00e4 jo tullut harkittua vuosi tai kaksi. Sattui k\u00e4teen kiltisti pidetyn n\u00e4k\u00f6inen k\u00e4ytetty ja kahva, niin k\u00e4vin kiinni. Laskin, ett\u00e4 koska EM1-X ei sitten ollutkaan sellainen jumalkamera kuin odotettiin, niin ei t\u00e4m\u00e4 EM-1 II:n ihan heti happane. Jotain on muuttunut I:een verrattuna. Risukossa kuvaaminen on edelleen hankalaa, siihen ei ole tullut muutosta. Asetukset kun viel\u00e4 saisi kohdalleen. <\/p>\n\n\n\n<p>Pikainen k\u00e4ynti Halikonlahdelle, kamerassa kiinni toinen nimihirvi\u00f6 Panasonic Leica DG 100-400\/4,0-6,3 ASPH Vario-Elmar Power OIS<\/p>\n\n\n\n<figure class=\"wp-block-image\"><img loading=\"lazy\" decoding=\"async\" width=\"768\" height=\"768\" src=\"http:\/\/www.ulkoilutankameraa.fi\/blog\/wp-content\/uploads\/2019\/06\/P6010110.jpg\" alt=\"\" class=\"wp-image-5150\" srcset=\"https:\/\/www.ulkoilutankameraa.fi\/blog\/wp-content\/uploads\/2019\/06\/P6010110.jpg 768w, https:\/\/www.ulkoilutankameraa.fi\/blog\/wp-content\/uploads\/2019\/06\/P6010110-150x150.jpg 150w, https:\/\/www.ulkoilutankameraa.fi\/blog\/wp-content\/uploads\/2019\/06\/P6010110-325x325.jpg 325w\" sizes=\"auto, (max-width: 768px) 100vw, 768px\" \/><figcaption>Pensaskerttu<\/figcaption><\/figure>\n\n\n\n<figure class=\"wp-block-image\"><img loading=\"lazy\" decoding=\"async\" width=\"768\" height=\"768\" src=\"http:\/\/www.ulkoilutankameraa.fi\/blog\/wp-content\/uploads\/2019\/06\/P6010102.jpg\" alt=\"\" class=\"wp-image-5149\" srcset=\"https:\/\/www.ulkoilutankameraa.fi\/blog\/wp-content\/uploads\/2019\/06\/P6010102.jpg 768w, https:\/\/www.ulkoilutankameraa.fi\/blog\/wp-content\/uploads\/2019\/06\/P6010102-150x150.jpg 150w, https:\/\/www.ulkoilutankameraa.fi\/blog\/wp-content\/uploads\/2019\/06\/P6010102-325x325.jpg 325w\" sizes=\"auto, (max-width: 768px) 100vw, 768px\" \/><figcaption>Naurulokki<\/figcaption><\/figure>\n\n\n\n<figure class=\"wp-block-image\"><img loading=\"lazy\" decoding=\"async\" width=\"768\" height=\"768\" src=\"http:\/\/www.ulkoilutankameraa.fi\/blog\/wp-content\/uploads\/2019\/06\/P6010094.jpg\" alt=\"\" class=\"wp-image-5148\" srcset=\"https:\/\/www.ulkoilutankameraa.fi\/blog\/wp-content\/uploads\/2019\/06\/P6010094.jpg 768w, https:\/\/www.ulkoilutankameraa.fi\/blog\/wp-content\/uploads\/2019\/06\/P6010094-150x150.jpg 150w, https:\/\/www.ulkoilutankameraa.fi\/blog\/wp-content\/uploads\/2019\/06\/P6010094-325x325.jpg 325w\" sizes=\"auto, (max-width: 768px) 100vw, 768px\" \/><figcaption>Vassaani<\/figcaption><\/figure>\n\n\n\n<figure class=\"wp-block-image\"><img loading=\"lazy\" decoding=\"async\" width=\"768\" height=\"768\" src=\"http:\/\/www.ulkoilutankameraa.fi\/blog\/wp-content\/uploads\/2019\/06\/P6010086.jpg\" alt=\"\" class=\"wp-image-5147\" srcset=\"https:\/\/www.ulkoilutankameraa.fi\/blog\/wp-content\/uploads\/2019\/06\/P6010086.jpg 768w, https:\/\/www.ulkoilutankameraa.fi\/blog\/wp-content\/uploads\/2019\/06\/P6010086-150x150.jpg 150w, https:\/\/www.ulkoilutankameraa.fi\/blog\/wp-content\/uploads\/2019\/06\/P6010086-325x325.jpg 325w\" sizes=\"auto, (max-width: 768px) 100vw, 768px\" \/><figcaption>Satakieli<\/figcaption><\/figure>\n\n\n\n<figure class=\"wp-block-image\"><img loading=\"lazy\" decoding=\"async\" width=\"768\" height=\"768\" src=\"http:\/\/www.ulkoilutankameraa.fi\/blog\/wp-content\/uploads\/2019\/06\/P6010058.jpg\" alt=\"\" class=\"wp-image-5146\" srcset=\"https:\/\/www.ulkoilutankameraa.fi\/blog\/wp-content\/uploads\/2019\/06\/P6010058.jpg 768w, https:\/\/www.ulkoilutankameraa.fi\/blog\/wp-content\/uploads\/2019\/06\/P6010058-150x150.jpg 150w, https:\/\/www.ulkoilutankameraa.fi\/blog\/wp-content\/uploads\/2019\/06\/P6010058-325x325.jpg 325w\" sizes=\"auto, (max-width: 768px) 100vw, 768px\" \/><figcaption>Punavarpunen<\/figcaption><\/figure>\n\n\n\n<figure class=\"wp-block-image\"><img loading=\"lazy\" decoding=\"async\" width=\"768\" height=\"768\" src=\"http:\/\/www.ulkoilutankameraa.fi\/blog\/wp-content\/uploads\/2019\/06\/P6010051.jpg\" alt=\"\" class=\"wp-image-5145\" srcset=\"https:\/\/www.ulkoilutankameraa.fi\/blog\/wp-content\/uploads\/2019\/06\/P6010051.jpg 768w, https:\/\/www.ulkoilutankameraa.fi\/blog\/wp-content\/uploads\/2019\/06\/P6010051-150x150.jpg 150w, https:\/\/www.ulkoilutankameraa.fi\/blog\/wp-content\/uploads\/2019\/06\/P6010051-325x325.jpg 325w\" sizes=\"auto, (max-width: 768px) 100vw, 768px\" \/><figcaption>V\u00e4st\u00e4r\u00e4kki<\/figcaption><\/figure>\n","protected":false},"excerpt":{"rendered":"<p>Vihdoin sain t\u00e4m\u00e4n hankittua. Onhan sit\u00e4 jo tullut harkittua vuosi tai kaksi. Sattui k\u00e4teen kiltisti pidetyn n\u00e4k\u00f6inen k\u00e4ytetty ja kahva, niin k\u00e4vin kiinni. Laskin, ett\u00e4 koska EM1-X ei sitten ollutkaan sellainen jumalkamera kuin odotettiin, niin ei t\u00e4m\u00e4 EM-1 II:n ihan heti happane. Jotain on muuttunut I:een verrattuna. Risukossa kuvaaminen on edelleen hankalaa, siihen ei ole [&hellip;]<\/p>\n","protected":false},"author":1,"featured_media":0,"comment_status":"open","ping_status":"open","sticky":false,"template":"","format":"standard","meta":{"footnotes":""},"categories":[1],"tags":[46,116],"class_list":["post-5151","post","type-post","status-publish","format-standard","hentry","category-uncategorized","tag-linnut","tag-varusteet","content-columns-1"],"_links":{"self":[{"href":"https:\/\/www.ulkoilutankameraa.fi\/blog\/index.php?rest_route=\/wp\/v2\/posts\/5151","targetHints":{"allow":["GET"]}}],"collection":[{"href":"https:\/\/www.ulkoilutankameraa.fi\/blog\/index.php?rest_route=\/wp\/v2\/posts"}],"about":[{"href":"https:\/\/www.ulkoilutankameraa.fi\/blog\/index.php?rest_route=\/wp\/v2\/types\/post"}],"author":[{"embeddable":true,"href":"https:\/\/www.ulkoilutankameraa.fi\/blog\/index.php?rest_route=\/wp\/v2\/users\/1"}],"replies":[{"embeddable":true,"href":"https:\/\/www.ulkoilutankameraa.fi\/blog\/index.php?rest_route=%2Fwp%2Fv2%2Fcomments&post=5151"}],"version-history":[{"count":1,"href":"https:\/\/www.ulkoilutankameraa.fi\/blog\/index.php?rest_route=\/wp\/v2\/posts\/5151\/revisions"}],"predecessor-version":[{"id":5152,"href":"https:\/\/www.ulkoilutankameraa.fi\/blog\/index.php?rest_route=\/wp\/v2\/posts\/5151\/revisions\/5152"}],"wp:attachment":[{"href":"https:\/\/www.ulkoilutankameraa.fi\/blog\/index.php?rest_route=%2Fwp%2Fv2%2Fmedia&parent=5151"}],"wp:term":[{"taxonomy":"category","embeddable":true,"href":"https:\/\/www.ulkoilutankameraa.fi\/blog\/index.php?rest_route=%2Fwp%2Fv2%2Fcategories&post=5151"},{"taxonomy":"post_tag","embeddable":true,"href":"https:\/\/www.ulkoilutankameraa.fi\/blog\/index.php?rest_route=%2Fwp%2Fv2%2Ftags&post=5151"}],"curies":[{"name":"wp","href":"https:\/\/api.w.org\/{rel}","templated":true}]}}