{"id":5154,"date":"2019-06-05T21:52:25","date_gmt":"2019-06-05T18:52:25","guid":{"rendered":"http:\/\/www.ulkoilutankameraa.fi\/blog\/?p=5154"},"modified":"2019-06-05T21:52:26","modified_gmt":"2019-06-05T18:52:26","slug":"fiskars-kesanayttely-2019","status":"publish","type":"post","link":"https:\/\/www.ulkoilutankameraa.fi\/blog\/?p=5154","title":{"rendered":"Fiskars kes\u00e4n\u00e4yttely 2019"},"content":{"rendered":"\n<p>Ei se oikeestaan ole se perinteinen kes\u00e4n\u00e4yttely vaan ensimm\u00e4inen kerta Arts&amp;Design Biennalea. J\u00e4in kiinni ajatukseen, ett\u00e4 mist\u00e4 tiet\u00e4\u00e4, ett\u00e4 se on biennale jos toista kertaa ei ole viel\u00e4 ollut. <\/p>\n\n\n\n<p>Tota noin. N\u00e4yttelytila on jaettu kolmeen rakennukseen. Kaksi on toisessa ja yksi toisessa p\u00e4\u00e4ss\u00e4 kyl\u00e4\u00e4. Eih\u00e4n siin\u00e4 mit\u00e4\u00e4n jos keli sallii ja jalat kantavat. Matkalle on heikkojalkaisille varattu parikymment\u00e4 penkki\u00e4. T\u00e4m\u00e4 tiedoksi, ett\u00e4 kannattaa v\u00e4h\u00e4n mietti\u00e4 miss\u00e4 vaiheessa sen kirveen tai kynt\u00f6auran k\u00e4y Fiskarsin myym\u00e4l\u00e4st\u00e4 hakemassa. <\/p>\n\n\n\n<p>Lyhyesti, minulle ei t\u00e4m\u00e4 n\u00e4yttely oikein avautunut. Vain yksi (no, okei oli kaksi muutakin) ty\u00f6 jaksoi kiinnostaa. Aika harvoin j\u00e4\u00e4n katsomaan videoteoksia. Nyt katsoin, alusta loppuun. J\u00e4in koukkuun. Ty\u00f6 oli Aki Sasamoto Donut Diagram 2018. Siin\u00e4 oli mets\u00e4 ja mets\u00e4ss\u00e4 roikkui donitsi.<\/p>\n\n\n\n<figure class=\"wp-block-image\"><img loading=\"lazy\" decoding=\"async\" width=\"1024\" height=\"768\" src=\"http:\/\/www.ulkoilutankameraa.fi\/blog\/wp-content\/uploads\/2019\/06\/P6050176-1024x768.jpg\" alt=\"\" class=\"wp-image-5153\" srcset=\"https:\/\/www.ulkoilutankameraa.fi\/blog\/wp-content\/uploads\/2019\/06\/P6050176.jpg 1024w, https:\/\/www.ulkoilutankameraa.fi\/blog\/wp-content\/uploads\/2019\/06\/P6050176-150x113.jpg 150w, https:\/\/www.ulkoilutankameraa.fi\/blog\/wp-content\/uploads\/2019\/06\/P6050176-325x244.jpg 325w, https:\/\/www.ulkoilutankameraa.fi\/blog\/wp-content\/uploads\/2019\/06\/P6050176-904x678.jpg 904w\" sizes=\"auto, (max-width: 1024px) 100vw, 1024px\" \/><\/figure>\n","protected":false},"excerpt":{"rendered":"<p>Ei se oikeestaan ole se perinteinen kes\u00e4n\u00e4yttely vaan ensimm\u00e4inen kerta Arts&amp;Design Biennalea. J\u00e4in kiinni ajatukseen, ett\u00e4 mist\u00e4 tiet\u00e4\u00e4, ett\u00e4 se on biennale jos toista kertaa ei ole viel\u00e4 ollut. Tota noin. N\u00e4yttelytila on jaettu kolmeen rakennukseen. Kaksi on toisessa ja yksi toisessa p\u00e4\u00e4ss\u00e4 kyl\u00e4\u00e4. Eih\u00e4n siin\u00e4 mit\u00e4\u00e4n jos keli sallii ja jalat kantavat. Matkalle on [&hellip;]<\/p>\n","protected":false},"author":1,"featured_media":0,"comment_status":"open","ping_status":"open","sticky":false,"template":"","format":"standard","meta":{"footnotes":""},"categories":[1],"tags":[],"class_list":["post-5154","post","type-post","status-publish","format-standard","hentry","category-uncategorized","content-columns-1"],"_links":{"self":[{"href":"https:\/\/www.ulkoilutankameraa.fi\/blog\/index.php?rest_route=\/wp\/v2\/posts\/5154","targetHints":{"allow":["GET"]}}],"collection":[{"href":"https:\/\/www.ulkoilutankameraa.fi\/blog\/index.php?rest_route=\/wp\/v2\/posts"}],"about":[{"href":"https:\/\/www.ulkoilutankameraa.fi\/blog\/index.php?rest_route=\/wp\/v2\/types\/post"}],"author":[{"embeddable":true,"href":"https:\/\/www.ulkoilutankameraa.fi\/blog\/index.php?rest_route=\/wp\/v2\/users\/1"}],"replies":[{"embeddable":true,"href":"https:\/\/www.ulkoilutankameraa.fi\/blog\/index.php?rest_route=%2Fwp%2Fv2%2Fcomments&post=5154"}],"version-history":[{"count":1,"href":"https:\/\/www.ulkoilutankameraa.fi\/blog\/index.php?rest_route=\/wp\/v2\/posts\/5154\/revisions"}],"predecessor-version":[{"id":5155,"href":"https:\/\/www.ulkoilutankameraa.fi\/blog\/index.php?rest_route=\/wp\/v2\/posts\/5154\/revisions\/5155"}],"wp:attachment":[{"href":"https:\/\/www.ulkoilutankameraa.fi\/blog\/index.php?rest_route=%2Fwp%2Fv2%2Fmedia&parent=5154"}],"wp:term":[{"taxonomy":"category","embeddable":true,"href":"https:\/\/www.ulkoilutankameraa.fi\/blog\/index.php?rest_route=%2Fwp%2Fv2%2Fcategories&post=5154"},{"taxonomy":"post_tag","embeddable":true,"href":"https:\/\/www.ulkoilutankameraa.fi\/blog\/index.php?rest_route=%2Fwp%2Fv2%2Ftags&post=5154"}],"curies":[{"name":"wp","href":"https:\/\/api.w.org\/{rel}","templated":true}]}}