{"id":5180,"date":"2019-06-21T14:19:09","date_gmt":"2019-06-21T11:19:09","guid":{"rendered":"http:\/\/www.ulkoilutankameraa.fi\/blog\/?p=5180"},"modified":"2019-06-21T14:19:10","modified_gmt":"2019-06-21T11:19:10","slug":"tormapaasky","status":"publish","type":"post","link":"https:\/\/www.ulkoilutankameraa.fi\/blog\/?p=5180","title":{"rendered":"T\u00f6rm\u00e4p\u00e4\u00e4sky"},"content":{"rendered":"\n<p>Tarkoitus oli kuvata haitallisia vieraslajeja, mutta olikin n\u00e4it\u00e4. En ole pitk\u00e4\u00e4n, pitk\u00e4\u00e4n aikaan n\u00e4hnyt t\u00f6rm\u00e4p\u00e4\u00e4skyjen pes\u00e4koloja. En ole tosin juuri etsinytk\u00e4\u00e4n. T\u00e4m\u00e4p\u00e4 oli mukava yll\u00e4tys.<\/p>\n\n\n\n<figure class=\"wp-block-image\"><img loading=\"lazy\" decoding=\"async\" width=\"1024\" height=\"768\" src=\"http:\/\/www.ulkoilutankameraa.fi\/blog\/wp-content\/uploads\/2019\/06\/P6180377-1024x768.jpg\" alt=\"\" class=\"wp-image-5179\" srcset=\"https:\/\/www.ulkoilutankameraa.fi\/blog\/wp-content\/uploads\/2019\/06\/P6180377.jpg 1024w, https:\/\/www.ulkoilutankameraa.fi\/blog\/wp-content\/uploads\/2019\/06\/P6180377-150x113.jpg 150w, https:\/\/www.ulkoilutankameraa.fi\/blog\/wp-content\/uploads\/2019\/06\/P6180377-325x244.jpg 325w, https:\/\/www.ulkoilutankameraa.fi\/blog\/wp-content\/uploads\/2019\/06\/P6180377-904x678.jpg 904w\" sizes=\"auto, (max-width: 1024px) 100vw, 1024px\" \/><\/figure>\n","protected":false},"excerpt":{"rendered":"<p>Tarkoitus oli kuvata haitallisia vieraslajeja, mutta olikin n\u00e4it\u00e4. En ole pitk\u00e4\u00e4n, pitk\u00e4\u00e4n aikaan n\u00e4hnyt t\u00f6rm\u00e4p\u00e4\u00e4skyjen pes\u00e4koloja. En ole tosin juuri etsinytk\u00e4\u00e4n. T\u00e4m\u00e4p\u00e4 oli mukava yll\u00e4tys.<\/p>\n","protected":false},"author":1,"featured_media":0,"comment_status":"open","ping_status":"open","sticky":false,"template":"","format":"standard","meta":{"footnotes":""},"categories":[1],"tags":[47,46],"class_list":["post-5180","post","type-post","status-publish","format-standard","hentry","category-uncategorized","tag-birds","tag-linnut","content-columns-1"],"_links":{"self":[{"href":"https:\/\/www.ulkoilutankameraa.fi\/blog\/index.php?rest_route=\/wp\/v2\/posts\/5180","targetHints":{"allow":["GET"]}}],"collection":[{"href":"https:\/\/www.ulkoilutankameraa.fi\/blog\/index.php?rest_route=\/wp\/v2\/posts"}],"about":[{"href":"https:\/\/www.ulkoilutankameraa.fi\/blog\/index.php?rest_route=\/wp\/v2\/types\/post"}],"author":[{"embeddable":true,"href":"https:\/\/www.ulkoilutankameraa.fi\/blog\/index.php?rest_route=\/wp\/v2\/users\/1"}],"replies":[{"embeddable":true,"href":"https:\/\/www.ulkoilutankameraa.fi\/blog\/index.php?rest_route=%2Fwp%2Fv2%2Fcomments&post=5180"}],"version-history":[{"count":1,"href":"https:\/\/www.ulkoilutankameraa.fi\/blog\/index.php?rest_route=\/wp\/v2\/posts\/5180\/revisions"}],"predecessor-version":[{"id":5181,"href":"https:\/\/www.ulkoilutankameraa.fi\/blog\/index.php?rest_route=\/wp\/v2\/posts\/5180\/revisions\/5181"}],"wp:attachment":[{"href":"https:\/\/www.ulkoilutankameraa.fi\/blog\/index.php?rest_route=%2Fwp%2Fv2%2Fmedia&parent=5180"}],"wp:term":[{"taxonomy":"category","embeddable":true,"href":"https:\/\/www.ulkoilutankameraa.fi\/blog\/index.php?rest_route=%2Fwp%2Fv2%2Fcategories&post=5180"},{"taxonomy":"post_tag","embeddable":true,"href":"https:\/\/www.ulkoilutankameraa.fi\/blog\/index.php?rest_route=%2Fwp%2Fv2%2Ftags&post=5180"}],"curies":[{"name":"wp","href":"https:\/\/api.w.org\/{rel}","templated":true}]}}