{"id":5185,"date":"2019-06-23T17:57:38","date_gmt":"2019-06-23T14:57:38","guid":{"rendered":"http:\/\/www.ulkoilutankameraa.fi\/blog\/?p=5185"},"modified":"2019-06-23T17:57:39","modified_gmt":"2019-06-23T14:57:39","slug":"lintukuvaamassa-aattona","status":"publish","type":"post","link":"https:\/\/www.ulkoilutankameraa.fi\/blog\/?p=5185","title":{"rendered":"Lintukuvaamassa aattona"},"content":{"rendered":"\n<p>Etten olisi juhannusaattona sammunut jo iltap\u00e4iv\u00e4st\u00e4, niin l\u00e4hdin kierrokselle Halikonlahdelle. V\u00e4h\u00e4n testailemaan vaikka lokkien lentokuvausta. Yll\u00e4tykseni olikin melkoinen kun huomasin, ett\u00e4 noin sata muutakin olivat samalla asialla. No eiv\u00e4t olleet. Siell\u00e4 oli Suomen kolmas ruskop\u00e4\u00e4sirkku. Liityin joukkoon mukaan, jonka j\u00e4lkeen jatkoin alkuper\u00e4isen suunnitelman mukaan.<\/p>\n\n\n\n<p>Ruskop\u00e4\u00e4 n\u00e4ytt\u00e4\u00e4 ihan joltain huovutetulta leikkilinnulta. Onkohan et\u00e4isyys vai tarkennus. Kyll\u00e4h\u00e4n tuosta tunnistaa, mutta&#8230; Kottarainen on hieno, ilmeik\u00e4s. S\u00e4hk\u00f6lanka on v\u00e4h\u00e4n karu, mutta eih\u00e4n se voi ilmassakaan istua. Ilmeik\u00e4s on my\u00f6s pensaskerttu, tylyn n\u00e4k\u00f6inen. En tosin osaa lukea lintujen ilmeit\u00e4, voihan tuo tarkoittaa vaikka lupsakkaa. Kunhan arvailin.<\/p>\n\n\n\n<p>Taas n\u00e4hd\u00e4\u00e4n miten hyv\u00e4 olisi jos osaisi hiipi\u00e4 ilmassa. Vaikka millej\u00e4 oli 800 ja kohde s\u00e4hk\u00f6langan korkeudessa, niin ei se ruutu silti t\u00e4yteen tule. Oli sitten t\u00e4ysi tai vajaa kenno.<\/p>\n\n\n\n<figure class=\"wp-block-image\"><img loading=\"lazy\" decoding=\"async\" width=\"1024\" height=\"768\" src=\"http:\/\/www.ulkoilutankameraa.fi\/blog\/wp-content\/uploads\/2019\/06\/P6210469-1024x768.jpg\" alt=\"\" class=\"wp-image-5182\" srcset=\"https:\/\/www.ulkoilutankameraa.fi\/blog\/wp-content\/uploads\/2019\/06\/P6210469.jpg 1024w, https:\/\/www.ulkoilutankameraa.fi\/blog\/wp-content\/uploads\/2019\/06\/P6210469-150x113.jpg 150w, https:\/\/www.ulkoilutankameraa.fi\/blog\/wp-content\/uploads\/2019\/06\/P6210469-325x244.jpg 325w, https:\/\/www.ulkoilutankameraa.fi\/blog\/wp-content\/uploads\/2019\/06\/P6210469-904x678.jpg 904w\" sizes=\"auto, (max-width: 1024px) 100vw, 1024px\" \/><\/figure>\n\n\n\n<figure class=\"wp-block-image\"><img loading=\"lazy\" decoding=\"async\" width=\"1024\" height=\"768\" src=\"http:\/\/www.ulkoilutankameraa.fi\/blog\/wp-content\/uploads\/2019\/06\/P6210510-1024x768.jpg\" alt=\"\" class=\"wp-image-5183\" srcset=\"https:\/\/www.ulkoilutankameraa.fi\/blog\/wp-content\/uploads\/2019\/06\/P6210510.jpg 1024w, https:\/\/www.ulkoilutankameraa.fi\/blog\/wp-content\/uploads\/2019\/06\/P6210510-150x113.jpg 150w, https:\/\/www.ulkoilutankameraa.fi\/blog\/wp-content\/uploads\/2019\/06\/P6210510-325x244.jpg 325w, https:\/\/www.ulkoilutankameraa.fi\/blog\/wp-content\/uploads\/2019\/06\/P6210510-904x678.jpg 904w\" sizes=\"auto, (max-width: 1024px) 100vw, 1024px\" \/><\/figure>\n\n\n\n<figure class=\"wp-block-image\"><img loading=\"lazy\" decoding=\"async\" width=\"1024\" height=\"768\" src=\"http:\/\/www.ulkoilutankameraa.fi\/blog\/wp-content\/uploads\/2019\/06\/P6210511-1024x768.jpg\" alt=\"\" class=\"wp-image-5184\" srcset=\"https:\/\/www.ulkoilutankameraa.fi\/blog\/wp-content\/uploads\/2019\/06\/P6210511.jpg 1024w, https:\/\/www.ulkoilutankameraa.fi\/blog\/wp-content\/uploads\/2019\/06\/P6210511-150x113.jpg 150w, https:\/\/www.ulkoilutankameraa.fi\/blog\/wp-content\/uploads\/2019\/06\/P6210511-325x244.jpg 325w, https:\/\/www.ulkoilutankameraa.fi\/blog\/wp-content\/uploads\/2019\/06\/P6210511-904x678.jpg 904w\" sizes=\"auto, (max-width: 1024px) 100vw, 1024px\" \/><\/figure>\n\n\n\n<p>  <\/p>\n","protected":false},"excerpt":{"rendered":"<p>Etten olisi juhannusaattona sammunut jo iltap\u00e4iv\u00e4st\u00e4, niin l\u00e4hdin kierrokselle Halikonlahdelle. V\u00e4h\u00e4n testailemaan vaikka lokkien lentokuvausta. Yll\u00e4tykseni olikin melkoinen kun huomasin, ett\u00e4 noin sata muutakin olivat samalla asialla. No eiv\u00e4t olleet. Siell\u00e4 oli Suomen kolmas ruskop\u00e4\u00e4sirkku. Liityin joukkoon mukaan, jonka j\u00e4lkeen jatkoin alkuper\u00e4isen suunnitelman mukaan. Ruskop\u00e4\u00e4 n\u00e4ytt\u00e4\u00e4 ihan joltain huovutetulta leikkilinnulta. Onkohan et\u00e4isyys vai tarkennus. Kyll\u00e4h\u00e4n [&hellip;]<\/p>\n","protected":false},"author":1,"featured_media":0,"comment_status":"open","ping_status":"open","sticky":false,"template":"","format":"standard","meta":{"footnotes":""},"categories":[1],"tags":[47,46],"class_list":["post-5185","post","type-post","status-publish","format-standard","hentry","category-uncategorized","tag-birds","tag-linnut","content-columns-1"],"_links":{"self":[{"href":"https:\/\/www.ulkoilutankameraa.fi\/blog\/index.php?rest_route=\/wp\/v2\/posts\/5185","targetHints":{"allow":["GET"]}}],"collection":[{"href":"https:\/\/www.ulkoilutankameraa.fi\/blog\/index.php?rest_route=\/wp\/v2\/posts"}],"about":[{"href":"https:\/\/www.ulkoilutankameraa.fi\/blog\/index.php?rest_route=\/wp\/v2\/types\/post"}],"author":[{"embeddable":true,"href":"https:\/\/www.ulkoilutankameraa.fi\/blog\/index.php?rest_route=\/wp\/v2\/users\/1"}],"replies":[{"embeddable":true,"href":"https:\/\/www.ulkoilutankameraa.fi\/blog\/index.php?rest_route=%2Fwp%2Fv2%2Fcomments&post=5185"}],"version-history":[{"count":2,"href":"https:\/\/www.ulkoilutankameraa.fi\/blog\/index.php?rest_route=\/wp\/v2\/posts\/5185\/revisions"}],"predecessor-version":[{"id":5187,"href":"https:\/\/www.ulkoilutankameraa.fi\/blog\/index.php?rest_route=\/wp\/v2\/posts\/5185\/revisions\/5187"}],"wp:attachment":[{"href":"https:\/\/www.ulkoilutankameraa.fi\/blog\/index.php?rest_route=%2Fwp%2Fv2%2Fmedia&parent=5185"}],"wp:term":[{"taxonomy":"category","embeddable":true,"href":"https:\/\/www.ulkoilutankameraa.fi\/blog\/index.php?rest_route=%2Fwp%2Fv2%2Fcategories&post=5185"},{"taxonomy":"post_tag","embeddable":true,"href":"https:\/\/www.ulkoilutankameraa.fi\/blog\/index.php?rest_route=%2Fwp%2Fv2%2Ftags&post=5185"}],"curies":[{"name":"wp","href":"https:\/\/api.w.org\/{rel}","templated":true}]}}