{"id":5448,"date":"2019-11-26T16:20:10","date_gmt":"2019-11-26T14:20:10","guid":{"rendered":"http:\/\/www.ulkoilutankameraa.fi\/blog\/?p=5448"},"modified":"2019-11-26T16:20:11","modified_gmt":"2019-11-26T14:20:11","slug":"luontokuvaaja-aktivoitui","status":"publish","type":"post","link":"https:\/\/www.ulkoilutankameraa.fi\/blog\/?p=5448","title":{"rendered":"Luontokuvaaja aktivoitui"},"content":{"rendered":"\n<p>J\u00e4i syksyll\u00e4 muutama neli\u00f6 karpaloita poimimatta. Oli oikein punainen matto, mutta en kehdannut ottaa kun olivat viel\u00e4 raakoja. K\u00e4vinp\u00e4 katsomassa olivatko jollekin kelvanneet &#8211; eiv\u00e4t olleet. Paluumatkalla poikkesin Sahaj\u00e4rvell\u00e4 katsomassa, olisiko koskikaroja. Ei ollut, mutta koski oli. Mukavasti oli pitk\u00e4st\u00e4 aikaa vett\u00e4 purossa. <\/p>\n\n\n\n<figure class=\"wp-block-image\"><img loading=\"lazy\" decoding=\"async\" width=\"1024\" height=\"768\" src=\"http:\/\/www.ulkoilutankameraa.fi\/blog\/wp-content\/uploads\/2019\/11\/PB262330-1024x768.jpg\" alt=\"\" class=\"wp-image-5445\" srcset=\"https:\/\/www.ulkoilutankameraa.fi\/blog\/wp-content\/uploads\/2019\/11\/PB262330.jpg 1024w, https:\/\/www.ulkoilutankameraa.fi\/blog\/wp-content\/uploads\/2019\/11\/PB262330-150x113.jpg 150w, https:\/\/www.ulkoilutankameraa.fi\/blog\/wp-content\/uploads\/2019\/11\/PB262330-325x244.jpg 325w, https:\/\/www.ulkoilutankameraa.fi\/blog\/wp-content\/uploads\/2019\/11\/PB262330-904x678.jpg 904w\" sizes=\"auto, (max-width: 1024px) 100vw, 1024px\" \/><\/figure>\n\n\n\n<figure class=\"wp-block-image\"><img loading=\"lazy\" decoding=\"async\" width=\"1024\" height=\"768\" src=\"http:\/\/www.ulkoilutankameraa.fi\/blog\/wp-content\/uploads\/2019\/11\/PB262360-1024x768.jpg\" alt=\"\" class=\"wp-image-5447\" srcset=\"https:\/\/www.ulkoilutankameraa.fi\/blog\/wp-content\/uploads\/2019\/11\/PB262360.jpg 1024w, https:\/\/www.ulkoilutankameraa.fi\/blog\/wp-content\/uploads\/2019\/11\/PB262360-150x113.jpg 150w, https:\/\/www.ulkoilutankameraa.fi\/blog\/wp-content\/uploads\/2019\/11\/PB262360-325x244.jpg 325w, https:\/\/www.ulkoilutankameraa.fi\/blog\/wp-content\/uploads\/2019\/11\/PB262360-904x678.jpg 904w\" sizes=\"auto, (max-width: 1024px) 100vw, 1024px\" \/><\/figure>\n\n\n\n<figure class=\"wp-block-image\"><img loading=\"lazy\" decoding=\"async\" width=\"768\" height=\"1024\" src=\"http:\/\/www.ulkoilutankameraa.fi\/blog\/wp-content\/uploads\/2019\/11\/PB262357-768x1024.jpg\" alt=\"\" class=\"wp-image-5446\" srcset=\"https:\/\/www.ulkoilutankameraa.fi\/blog\/wp-content\/uploads\/2019\/11\/PB262357.jpg 768w, https:\/\/www.ulkoilutankameraa.fi\/blog\/wp-content\/uploads\/2019\/11\/PB262357-113x150.jpg 113w, https:\/\/www.ulkoilutankameraa.fi\/blog\/wp-content\/uploads\/2019\/11\/PB262357-325x433.jpg 325w, https:\/\/www.ulkoilutankameraa.fi\/blog\/wp-content\/uploads\/2019\/11\/PB262357-678x904.jpg 678w\" sizes=\"auto, (max-width: 768px) 100vw, 768px\" \/><\/figure>\n\n\n\n<p> <\/p>\n","protected":false},"excerpt":{"rendered":"<p>J\u00e4i syksyll\u00e4 muutama neli\u00f6 karpaloita poimimatta. Oli oikein punainen matto, mutta en kehdannut ottaa kun olivat viel\u00e4 raakoja. K\u00e4vinp\u00e4 katsomassa olivatko jollekin kelvanneet &#8211; eiv\u00e4t olleet. Paluumatkalla poikkesin Sahaj\u00e4rvell\u00e4 katsomassa, olisiko koskikaroja. Ei ollut, mutta koski oli. Mukavasti oli pitk\u00e4st\u00e4 aikaa vett\u00e4 purossa.<\/p>\n","protected":false},"author":1,"featured_media":0,"comment_status":"open","ping_status":"open","sticky":false,"template":"","format":"standard","meta":{"footnotes":""},"categories":[1],"tags":[194,214,41],"class_list":["post-5448","post","type-post","status-publish","format-standard","hentry","category-uncategorized","tag-maisemakuvat","tag-sahajarvi","tag-teijo","content-columns-1"],"_links":{"self":[{"href":"https:\/\/www.ulkoilutankameraa.fi\/blog\/index.php?rest_route=\/wp\/v2\/posts\/5448","targetHints":{"allow":["GET"]}}],"collection":[{"href":"https:\/\/www.ulkoilutankameraa.fi\/blog\/index.php?rest_route=\/wp\/v2\/posts"}],"about":[{"href":"https:\/\/www.ulkoilutankameraa.fi\/blog\/index.php?rest_route=\/wp\/v2\/types\/post"}],"author":[{"embeddable":true,"href":"https:\/\/www.ulkoilutankameraa.fi\/blog\/index.php?rest_route=\/wp\/v2\/users\/1"}],"replies":[{"embeddable":true,"href":"https:\/\/www.ulkoilutankameraa.fi\/blog\/index.php?rest_route=%2Fwp%2Fv2%2Fcomments&post=5448"}],"version-history":[{"count":1,"href":"https:\/\/www.ulkoilutankameraa.fi\/blog\/index.php?rest_route=\/wp\/v2\/posts\/5448\/revisions"}],"predecessor-version":[{"id":5449,"href":"https:\/\/www.ulkoilutankameraa.fi\/blog\/index.php?rest_route=\/wp\/v2\/posts\/5448\/revisions\/5449"}],"wp:attachment":[{"href":"https:\/\/www.ulkoilutankameraa.fi\/blog\/index.php?rest_route=%2Fwp%2Fv2%2Fmedia&parent=5448"}],"wp:term":[{"taxonomy":"category","embeddable":true,"href":"https:\/\/www.ulkoilutankameraa.fi\/blog\/index.php?rest_route=%2Fwp%2Fv2%2Fcategories&post=5448"},{"taxonomy":"post_tag","embeddable":true,"href":"https:\/\/www.ulkoilutankameraa.fi\/blog\/index.php?rest_route=%2Fwp%2Fv2%2Ftags&post=5448"}],"curies":[{"name":"wp","href":"https:\/\/api.w.org\/{rel}","templated":true}]}}