{"id":5590,"date":"2020-04-07T18:00:00","date_gmt":"2020-04-07T15:00:00","guid":{"rendered":"http:\/\/www.ulkoilutankameraa.fi\/blog\/?p=5590"},"modified":"2020-04-07T19:11:33","modified_gmt":"2020-04-07T16:11:33","slug":"koivut-ja-tahdet","status":"publish","type":"post","link":"https:\/\/www.ulkoilutankameraa.fi\/blog\/?p=5590","title":{"rendered":"Koivut ja t\u00e4hdet"},"content":{"rendered":"\n<p>Koko talven ja kev\u00e4\u00e4n olen ollut menossa pime\u00e4\u00e4n aikaan ulos ja nyt menin. En kauas, kaupungin laitamille. Sellainen testireissu, ett\u00e4 onko kylm\u00e4\u00e4 ja meneek\u00f6 taas hermot kuulap\u00e4\u00e4n kanssa. Oli kylm\u00e4\u00e4, pit\u00e4\u00e4 olla enemm\u00e4n p\u00e4\u00e4ll\u00e4, mutta kuulan kanssa en hermoillut.<\/p>\n\n\n\n<p>Eih\u00e4n tuo kuva ole yht\u00e4\u00e4n samanlainen kuin Lightroomissa. Tuossa on paljon v\u00e4hemm\u00e4n t\u00e4hti\u00e4 ja paljon v\u00e4hemm\u00e4n rikin v\u00e4risst\u00e4 sontaa tuolla vasemmalla mets\u00e4n reunassa. Lis\u00e4ksi puissa ei n\u00e4y lainkaan v\u00e4rivirhett\u00e4, joka tulee l\u00e4heisist\u00e4 katuvaloista. <\/p>\n\n\n\n<p>Jotain mun pit\u00e4\u00e4 tehd\u00e4 t\u00e4lle WP-teemalle, ett\u00e4 sais noi kuvat isommiksi. Onhan n\u00e4\u00e4 nolon pieni\u00e4. En vaan jaksais taas alkaa s\u00e4\u00e4t\u00e4\u00e4, kun en muista mist\u00e4 se tehd\u00e4\u00e4n.<\/p>\n\n\n\n<figure class=\"wp-block-image size-large\"><img loading=\"lazy\" decoding=\"async\" width=\"1024\" height=\"768\" src=\"http:\/\/www.ulkoilutankameraa.fi\/blog\/wp-content\/uploads\/2020\/04\/P4063109-1024x768.jpg\" alt=\"\" class=\"wp-image-5598\" srcset=\"https:\/\/www.ulkoilutankameraa.fi\/blog\/wp-content\/uploads\/2020\/04\/P4063109-1024x768.jpg 1024w, https:\/\/www.ulkoilutankameraa.fi\/blog\/wp-content\/uploads\/2020\/04\/P4063109-325x244.jpg 325w, https:\/\/www.ulkoilutankameraa.fi\/blog\/wp-content\/uploads\/2020\/04\/P4063109-150x113.jpg 150w, https:\/\/www.ulkoilutankameraa.fi\/blog\/wp-content\/uploads\/2020\/04\/P4063109-1536x1152.jpg 1536w, https:\/\/www.ulkoilutankameraa.fi\/blog\/wp-content\/uploads\/2020\/04\/P4063109-904x678.jpg 904w, https:\/\/www.ulkoilutankameraa.fi\/blog\/wp-content\/uploads\/2020\/04\/P4063109.jpg 2048w\" sizes=\"auto, (max-width: 1024px) 100vw, 1024px\" \/><figcaption>OLYMPUS DIGITAL CAMERA<\/figcaption><\/figure>\n\n\n\n<p><\/p>\n","protected":false},"excerpt":{"rendered":"<p>Koko talven ja kev\u00e4\u00e4n olen ollut menossa pime\u00e4\u00e4n aikaan ulos ja nyt menin. En kauas, kaupungin laitamille. Sellainen testireissu, ett\u00e4 onko kylm\u00e4\u00e4 ja meneek\u00f6 taas hermot kuulap\u00e4\u00e4n kanssa. Oli kylm\u00e4\u00e4, pit\u00e4\u00e4 olla enemm\u00e4n p\u00e4\u00e4ll\u00e4, mutta kuulan kanssa en hermoillut. Eih\u00e4n tuo kuva ole yht\u00e4\u00e4n samanlainen kuin Lightroomissa. Tuossa on paljon v\u00e4hemm\u00e4n t\u00e4hti\u00e4 ja paljon v\u00e4hemm\u00e4n [&hellip;]<\/p>\n","protected":false},"author":1,"featured_media":0,"comment_status":"open","ping_status":"open","sticky":false,"template":"","format":"standard","meta":{"footnotes":""},"categories":[1],"tags":[],"class_list":["post-5590","post","type-post","status-publish","format-standard","hentry","category-uncategorized","content-columns-1"],"_links":{"self":[{"href":"https:\/\/www.ulkoilutankameraa.fi\/blog\/index.php?rest_route=\/wp\/v2\/posts\/5590","targetHints":{"allow":["GET"]}}],"collection":[{"href":"https:\/\/www.ulkoilutankameraa.fi\/blog\/index.php?rest_route=\/wp\/v2\/posts"}],"about":[{"href":"https:\/\/www.ulkoilutankameraa.fi\/blog\/index.php?rest_route=\/wp\/v2\/types\/post"}],"author":[{"embeddable":true,"href":"https:\/\/www.ulkoilutankameraa.fi\/blog\/index.php?rest_route=\/wp\/v2\/users\/1"}],"replies":[{"embeddable":true,"href":"https:\/\/www.ulkoilutankameraa.fi\/blog\/index.php?rest_route=%2Fwp%2Fv2%2Fcomments&post=5590"}],"version-history":[{"count":5,"href":"https:\/\/www.ulkoilutankameraa.fi\/blog\/index.php?rest_route=\/wp\/v2\/posts\/5590\/revisions"}],"predecessor-version":[{"id":5601,"href":"https:\/\/www.ulkoilutankameraa.fi\/blog\/index.php?rest_route=\/wp\/v2\/posts\/5590\/revisions\/5601"}],"wp:attachment":[{"href":"https:\/\/www.ulkoilutankameraa.fi\/blog\/index.php?rest_route=%2Fwp%2Fv2%2Fmedia&parent=5590"}],"wp:term":[{"taxonomy":"category","embeddable":true,"href":"https:\/\/www.ulkoilutankameraa.fi\/blog\/index.php?rest_route=%2Fwp%2Fv2%2Fcategories&post=5590"},{"taxonomy":"post_tag","embeddable":true,"href":"https:\/\/www.ulkoilutankameraa.fi\/blog\/index.php?rest_route=%2Fwp%2Fv2%2Ftags&post=5590"}],"curies":[{"name":"wp","href":"https:\/\/api.w.org\/{rel}","templated":true}]}}