{"id":5605,"date":"2020-04-08T18:00:00","date_gmt":"2020-04-08T15:00:00","guid":{"rendered":"http:\/\/www.ulkoilutankameraa.fi\/blog\/?p=5605"},"modified":"2020-04-07T19:26:06","modified_gmt":"2020-04-07T16:26:06","slug":"kurkien-kuuntelua","status":"publish","type":"post","link":"https:\/\/www.ulkoilutankameraa.fi\/blog\/?p=5605","title":{"rendered":"Kurkien kuuntelua"},"content":{"rendered":"\n<p>Siit\u00e4p\u00e4 olikin aikaa kun olin viimeksi ollut Hamarij\u00e4rvell\u00e4. Teit\u00e4 pitkin menin ja loppumetrit yritin hiipi\u00e4 huomaamattomana. Jotenkin ne vaan aina mut huomaa. Sitten p\u00e4\u00e4see se t\u00f6r\u00e4ytys ja joutsenet nostavat p\u00e4\u00e4t\u00e4\u00e4n, ett\u00e4 mik\u00e4 h\u00e4t\u00e4. No ei n\u00e4k\u00f6j\u00e4\u00e4n mik\u00e4\u00e4n ja jatkavat lyllert\u00e4mist\u00e4\u00e4n pitkin suota.<\/p>\n\n\n\n<p>Syysiltaisin t\u00e4\u00e4ll\u00e4 on hieno konsertti. Ihan tulee ik\u00e4v\u00e4 Painioj\u00e4rven iltaisia kurkien kokoontumisia. Kaikki luonnossa on suurta, mutta viel\u00e4 suurempaa on \u00e4\u00e4nekk\u00e4\u00e4t lintulaumat. <\/p>\n\n\n\n<figure class=\"wp-block-image size-large\"><img loading=\"lazy\" decoding=\"async\" width=\"1024\" height=\"768\" src=\"http:\/\/www.ulkoilutankameraa.fi\/blog\/wp-content\/uploads\/2020\/04\/P4073113-1024x768.jpg\" alt=\"\" class=\"wp-image-5602\" srcset=\"https:\/\/www.ulkoilutankameraa.fi\/blog\/wp-content\/uploads\/2020\/04\/P4073113-1024x768.jpg 1024w, https:\/\/www.ulkoilutankameraa.fi\/blog\/wp-content\/uploads\/2020\/04\/P4073113-325x244.jpg 325w, https:\/\/www.ulkoilutankameraa.fi\/blog\/wp-content\/uploads\/2020\/04\/P4073113-150x113.jpg 150w, https:\/\/www.ulkoilutankameraa.fi\/blog\/wp-content\/uploads\/2020\/04\/P4073113-1536x1152.jpg 1536w, https:\/\/www.ulkoilutankameraa.fi\/blog\/wp-content\/uploads\/2020\/04\/P4073113-904x678.jpg 904w, https:\/\/www.ulkoilutankameraa.fi\/blog\/wp-content\/uploads\/2020\/04\/P4073113.jpg 2048w\" sizes=\"auto, (max-width: 1024px) 100vw, 1024px\" \/><\/figure>\n","protected":false},"excerpt":{"rendered":"<p>Siit\u00e4p\u00e4 olikin aikaa kun olin viimeksi ollut Hamarij\u00e4rvell\u00e4. Teit\u00e4 pitkin menin ja loppumetrit yritin hiipi\u00e4 huomaamattomana. Jotenkin ne vaan aina mut huomaa. Sitten p\u00e4\u00e4see se t\u00f6r\u00e4ytys ja joutsenet nostavat p\u00e4\u00e4t\u00e4\u00e4n, ett\u00e4 mik\u00e4 h\u00e4t\u00e4. No ei n\u00e4k\u00f6j\u00e4\u00e4n mik\u00e4\u00e4n ja jatkavat lyllert\u00e4mist\u00e4\u00e4n pitkin suota. Syysiltaisin t\u00e4\u00e4ll\u00e4 on hieno konsertti. Ihan tulee ik\u00e4v\u00e4 Painioj\u00e4rven iltaisia kurkien kokoontumisia. Kaikki [&hellip;]<\/p>\n","protected":false},"author":1,"featured_media":0,"comment_status":"open","ping_status":"open","sticky":false,"template":"","format":"standard","meta":{"footnotes":""},"categories":[1],"tags":[],"class_list":["post-5605","post","type-post","status-publish","format-standard","hentry","category-uncategorized","content-columns-1"],"_links":{"self":[{"href":"https:\/\/www.ulkoilutankameraa.fi\/blog\/index.php?rest_route=\/wp\/v2\/posts\/5605","targetHints":{"allow":["GET"]}}],"collection":[{"href":"https:\/\/www.ulkoilutankameraa.fi\/blog\/index.php?rest_route=\/wp\/v2\/posts"}],"about":[{"href":"https:\/\/www.ulkoilutankameraa.fi\/blog\/index.php?rest_route=\/wp\/v2\/types\/post"}],"author":[{"embeddable":true,"href":"https:\/\/www.ulkoilutankameraa.fi\/blog\/index.php?rest_route=\/wp\/v2\/users\/1"}],"replies":[{"embeddable":true,"href":"https:\/\/www.ulkoilutankameraa.fi\/blog\/index.php?rest_route=%2Fwp%2Fv2%2Fcomments&post=5605"}],"version-history":[{"count":1,"href":"https:\/\/www.ulkoilutankameraa.fi\/blog\/index.php?rest_route=\/wp\/v2\/posts\/5605\/revisions"}],"predecessor-version":[{"id":5606,"href":"https:\/\/www.ulkoilutankameraa.fi\/blog\/index.php?rest_route=\/wp\/v2\/posts\/5605\/revisions\/5606"}],"wp:attachment":[{"href":"https:\/\/www.ulkoilutankameraa.fi\/blog\/index.php?rest_route=%2Fwp%2Fv2%2Fmedia&parent=5605"}],"wp:term":[{"taxonomy":"category","embeddable":true,"href":"https:\/\/www.ulkoilutankameraa.fi\/blog\/index.php?rest_route=%2Fwp%2Fv2%2Fcategories&post=5605"},{"taxonomy":"post_tag","embeddable":true,"href":"https:\/\/www.ulkoilutankameraa.fi\/blog\/index.php?rest_route=%2Fwp%2Fv2%2Ftags&post=5605"}],"curies":[{"name":"wp","href":"https:\/\/api.w.org\/{rel}","templated":true}]}}