{"id":5619,"date":"2020-04-13T17:34:04","date_gmt":"2020-04-13T14:34:04","guid":{"rendered":"http:\/\/www.ulkoilutankameraa.fi\/blog\/?p=5619"},"modified":"2020-04-13T17:36:01","modified_gmt":"2020-04-13T14:36:01","slug":"karpaloita","status":"publish","type":"post","link":"https:\/\/www.ulkoilutankameraa.fi\/blog\/?p=5619","title":{"rendered":"Karpaloita"},"content":{"rendered":"\n<p>Ikin\u00e4 en ole n\u00e4in montaa karpaloa n\u00e4hnyt talven j\u00e4lkeen t\u00e4\u00e4ll\u00e4 etel\u00e4ss\u00e4 ja pohjoisessa en ole k\u00e4ynytk\u00e4\u00e4n. Luulin, ett\u00e4 lumettoman talven j\u00e4lkeen j\u00e4ljell\u00e4 olisi vain kuoria. Oli jotenkin outo olo ker\u00e4t\u00e4 n\u00e4it\u00e4, jotka syksyll\u00e4 j\u00e4iv\u00e4t l\u00f6ytym\u00e4tt\u00e4. Suolta l\u00e4htiess\u00e4 tuli haikea olo, ett\u00e4 nyt se on kaikkensa antanut. Palataan syksyll\u00e4. Nyt on taas t\u00e4ynn\u00e4 mets\u00e4\u00e4 ja vastustelukykyvarasto 100 % latingissa.<\/p>\n\n\n\n<figure class=\"wp-block-image size-large\"><img loading=\"lazy\" decoding=\"async\" width=\"2048\" height=\"1536\" src=\"http:\/\/www.ulkoilutankameraa.fi\/blog\/wp-content\/uploads\/2020\/04\/P4133229.jpg\" alt=\"\" class=\"wp-image-5618\" srcset=\"https:\/\/www.ulkoilutankameraa.fi\/blog\/wp-content\/uploads\/2020\/04\/P4133229.jpg 2048w, https:\/\/www.ulkoilutankameraa.fi\/blog\/wp-content\/uploads\/2020\/04\/P4133229-325x244.jpg 325w, https:\/\/www.ulkoilutankameraa.fi\/blog\/wp-content\/uploads\/2020\/04\/P4133229-150x113.jpg 150w, https:\/\/www.ulkoilutankameraa.fi\/blog\/wp-content\/uploads\/2020\/04\/P4133229-1536x1152.jpg 1536w, https:\/\/www.ulkoilutankameraa.fi\/blog\/wp-content\/uploads\/2020\/04\/P4133229-904x678.jpg 904w\" sizes=\"auto, (max-width: 2048px) 100vw, 2048px\" \/><\/figure>\n","protected":false},"excerpt":{"rendered":"<p>Ikin\u00e4 en ole n\u00e4in montaa karpaloa n\u00e4hnyt talven j\u00e4lkeen t\u00e4\u00e4ll\u00e4 etel\u00e4ss\u00e4 ja pohjoisessa en ole k\u00e4ynytk\u00e4\u00e4n. Luulin, ett\u00e4 lumettoman talven j\u00e4lkeen j\u00e4ljell\u00e4 olisi vain kuoria. Oli jotenkin outo olo ker\u00e4t\u00e4 n\u00e4it\u00e4, jotka syksyll\u00e4 j\u00e4iv\u00e4t l\u00f6ytym\u00e4tt\u00e4. Suolta l\u00e4htiess\u00e4 tuli haikea olo, ett\u00e4 nyt se on kaikkensa antanut. Palataan syksyll\u00e4. Nyt on taas t\u00e4ynn\u00e4 mets\u00e4\u00e4 ja vastustelukykyvarasto [&hellip;]<\/p>\n","protected":false},"author":1,"featured_media":0,"comment_status":"open","ping_status":"open","sticky":false,"template":"","format":"standard","meta":{"footnotes":""},"categories":[1],"tags":[],"class_list":["post-5619","post","type-post","status-publish","format-standard","hentry","category-uncategorized","content-columns-1"],"_links":{"self":[{"href":"https:\/\/www.ulkoilutankameraa.fi\/blog\/index.php?rest_route=\/wp\/v2\/posts\/5619","targetHints":{"allow":["GET"]}}],"collection":[{"href":"https:\/\/www.ulkoilutankameraa.fi\/blog\/index.php?rest_route=\/wp\/v2\/posts"}],"about":[{"href":"https:\/\/www.ulkoilutankameraa.fi\/blog\/index.php?rest_route=\/wp\/v2\/types\/post"}],"author":[{"embeddable":true,"href":"https:\/\/www.ulkoilutankameraa.fi\/blog\/index.php?rest_route=\/wp\/v2\/users\/1"}],"replies":[{"embeddable":true,"href":"https:\/\/www.ulkoilutankameraa.fi\/blog\/index.php?rest_route=%2Fwp%2Fv2%2Fcomments&post=5619"}],"version-history":[{"count":2,"href":"https:\/\/www.ulkoilutankameraa.fi\/blog\/index.php?rest_route=\/wp\/v2\/posts\/5619\/revisions"}],"predecessor-version":[{"id":5621,"href":"https:\/\/www.ulkoilutankameraa.fi\/blog\/index.php?rest_route=\/wp\/v2\/posts\/5619\/revisions\/5621"}],"wp:attachment":[{"href":"https:\/\/www.ulkoilutankameraa.fi\/blog\/index.php?rest_route=%2Fwp%2Fv2%2Fmedia&parent=5619"}],"wp:term":[{"taxonomy":"category","embeddable":true,"href":"https:\/\/www.ulkoilutankameraa.fi\/blog\/index.php?rest_route=%2Fwp%2Fv2%2Fcategories&post=5619"},{"taxonomy":"post_tag","embeddable":true,"href":"https:\/\/www.ulkoilutankameraa.fi\/blog\/index.php?rest_route=%2Fwp%2Fv2%2Ftags&post=5619"}],"curies":[{"name":"wp","href":"https:\/\/api.w.org\/{rel}","templated":true}]}}