{"id":5739,"date":"2020-08-13T20:25:00","date_gmt":"2020-08-13T17:25:00","guid":{"rendered":"http:\/\/www.ulkoilutankameraa.fi\/blog\/?p=5739"},"modified":"2020-08-12T20:32:59","modified_gmt":"2020-08-12T17:32:59","slug":"aboa-vetus-ja-karpanen","status":"publish","type":"post","link":"https:\/\/www.ulkoilutankameraa.fi\/blog\/?p=5739","title":{"rendered":"Aboa Vetus ja k\u00e4rp\u00e4nen"},"content":{"rendered":"\n<p>K\u00e4vin Turussa, museossa. Jorma Puranen oli tuonut kuviaan n\u00e4ytille. Mielenkiintoinen osin, mutta ehk\u00e4 v\u00e4h\u00e4n vaikea. Ne kuvat, joissa alkoi hakea p\u00e4\u00e4lle oikeaa asentoa kun luuli, ett\u00e4 museon valot ovat pieless\u00e4 olivat hauskoja. Samoin kuvat, joissa n\u00e4ytti olevan struktuuria. Siis valokuva, joka ei ole sile\u00e4, kuvittele itse. Pettynyt olin siihen, ett\u00e4 mukana ei ollut Kuvitteellinen kotiinpaluu. N\u00e4in t\u00e4m\u00e4n joku vuosi sitten Rovaniemell\u00e4 ja vaikutuin. <\/p>\n\n\n\n<p>Oma panokseni t\u00e4lt\u00e4 reissulta on t\u00e4ss\u00e4. K\u00e4rp\u00e4nen on niin l\u00e4hell\u00e4 vapautta, mutta ei uskalla, ei uskalla. (Voisi tarkentaa, ett\u00e4 mink\u00e4 h\u00e4lytyksen, meneek\u00f6 siit\u00e4 h\u00e4lytys vartijalle vai h\u00e4t\u00e4keskukseen.)<\/p>\n\n\n\n<figure class=\"wp-block-image size-large\"><img loading=\"lazy\" decoding=\"async\" width=\"1024\" height=\"1024\" src=\"http:\/\/www.ulkoilutankameraa.fi\/blog\/wp-content\/uploads\/2020\/08\/IMG_20200811_143605.jpg\" alt=\"\" class=\"wp-image-5733\" srcset=\"https:\/\/www.ulkoilutankameraa.fi\/blog\/wp-content\/uploads\/2020\/08\/IMG_20200811_143605.jpg 1024w, https:\/\/www.ulkoilutankameraa.fi\/blog\/wp-content\/uploads\/2020\/08\/IMG_20200811_143605-325x325.jpg 325w, https:\/\/www.ulkoilutankameraa.fi\/blog\/wp-content\/uploads\/2020\/08\/IMG_20200811_143605-150x150.jpg 150w, https:\/\/www.ulkoilutankameraa.fi\/blog\/wp-content\/uploads\/2020\/08\/IMG_20200811_143605-904x904.jpg 904w\" sizes=\"auto, (max-width: 1024px) 100vw, 1024px\" \/><\/figure>\n","protected":false},"excerpt":{"rendered":"<p>K\u00e4vin Turussa, museossa. Jorma Puranen oli tuonut kuviaan n\u00e4ytille. Mielenkiintoinen osin, mutta ehk\u00e4 v\u00e4h\u00e4n vaikea. Ne kuvat, joissa alkoi hakea p\u00e4\u00e4lle oikeaa asentoa kun luuli, ett\u00e4 museon valot ovat pieless\u00e4 olivat hauskoja. Samoin kuvat, joissa n\u00e4ytti olevan struktuuria. Siis valokuva, joka ei ole sile\u00e4, kuvittele itse. Pettynyt olin siihen, ett\u00e4 mukana ei ollut Kuvitteellinen kotiinpaluu. [&hellip;]<\/p>\n","protected":false},"author":1,"featured_media":0,"comment_status":"open","ping_status":"open","sticky":false,"template":"","format":"standard","meta":{"footnotes":""},"categories":[1],"tags":[59],"class_list":["post-5739","post","type-post","status-publish","format-standard","hentry","category-uncategorized","tag-kaupunkimaisemat","content-columns-1"],"_links":{"self":[{"href":"https:\/\/www.ulkoilutankameraa.fi\/blog\/index.php?rest_route=\/wp\/v2\/posts\/5739","targetHints":{"allow":["GET"]}}],"collection":[{"href":"https:\/\/www.ulkoilutankameraa.fi\/blog\/index.php?rest_route=\/wp\/v2\/posts"}],"about":[{"href":"https:\/\/www.ulkoilutankameraa.fi\/blog\/index.php?rest_route=\/wp\/v2\/types\/post"}],"author":[{"embeddable":true,"href":"https:\/\/www.ulkoilutankameraa.fi\/blog\/index.php?rest_route=\/wp\/v2\/users\/1"}],"replies":[{"embeddable":true,"href":"https:\/\/www.ulkoilutankameraa.fi\/blog\/index.php?rest_route=%2Fwp%2Fv2%2Fcomments&post=5739"}],"version-history":[{"count":1,"href":"https:\/\/www.ulkoilutankameraa.fi\/blog\/index.php?rest_route=\/wp\/v2\/posts\/5739\/revisions"}],"predecessor-version":[{"id":5740,"href":"https:\/\/www.ulkoilutankameraa.fi\/blog\/index.php?rest_route=\/wp\/v2\/posts\/5739\/revisions\/5740"}],"wp:attachment":[{"href":"https:\/\/www.ulkoilutankameraa.fi\/blog\/index.php?rest_route=%2Fwp%2Fv2%2Fmedia&parent=5739"}],"wp:term":[{"taxonomy":"category","embeddable":true,"href":"https:\/\/www.ulkoilutankameraa.fi\/blog\/index.php?rest_route=%2Fwp%2Fv2%2Fcategories&post=5739"},{"taxonomy":"post_tag","embeddable":true,"href":"https:\/\/www.ulkoilutankameraa.fi\/blog\/index.php?rest_route=%2Fwp%2Fv2%2Ftags&post=5739"}],"curies":[{"name":"wp","href":"https:\/\/api.w.org\/{rel}","templated":true}]}}