{"id":5741,"date":"2020-08-14T20:25:00","date_gmt":"2020-08-14T17:25:00","guid":{"rendered":"http:\/\/www.ulkoilutankameraa.fi\/blog\/?p=5741"},"modified":"2020-08-14T22:39:52","modified_gmt":"2020-08-14T19:39:52","slug":"suon-paalla","status":"publish","type":"post","link":"https:\/\/www.ulkoilutankameraa.fi\/blog\/?p=5741","title":{"rendered":"Suon p\u00e4\u00e4ll\u00e4"},"content":{"rendered":"\n<p>Kaivoin pitk\u00e4st\u00e4 aikaa kopterin ja menin suolle. V\u00e4h\u00e4n aikaa r\u00e4pelletty\u00e4, muistin miten se laitetaan p\u00e4\u00e4lle. <\/p>\n\n\n\n<p>My\u00f6hemmin muistin, miten kuvia otetaan &#8211; kai. Kuvat olivat aluksia ihan plattuja. Aivan kuin jonkun likaisen suodattimen l\u00e4pi kuvattuja. Aikansa kun niit\u00e4 r\u00e4pl\u00e4sin, niin niist\u00e4 tuli t\u00e4llaisia. J\u00e4lkimm\u00e4inen voisi olla jostain meren tai j\u00e4rven pohjasta tai makrokuva kivest\u00e4. Hyv\u00e4 niin, hyv\u00e4, ettei aukene kerralla. <\/p>\n\n\n\n<p>Ihmettelem\u00e4\u00e4n j\u00e4in muuten tuota muotoa. Ovatkohan nuo jotain ojituksen j\u00e4lki\u00e4 vai onko siell\u00e4 aina ollut tuollainen m\u00e4t\u00e4srivi? Oja tuolla takana menee, mutta kartasta en osannut sijoittaa sit\u00e4 oikeaan paikkaan. En tied\u00e4, mutta mielenkiintoiselta n\u00e4ytt\u00e4\u00e4. Suolla k\u00e4velless\u00e4 tuota ei erota. Kyll\u00e4, todella mielenkiintoista. Pit\u00e4\u00e4 k\u00e4yd\u00e4 uudelleen.<\/p>\n\n\n\n<p>Olisin ottanut toisenkin akullisen kuvia, mutta alkoi ohjain piipitt\u00e4\u00e4. Siis voi helvetti, ett\u00e4 menee hermo n\u00e4iden vehkeiden kanssa. Eik\u00f6 ne vain voisi toimia minulla ja hajota niill\u00e4, joilla on aikaa ja hermoja niiden kanssa n\u00e4pr\u00e4t\u00e4.<\/p>\n\n\n\n<figure class=\"wp-block-image size-large\"><img loading=\"lazy\" decoding=\"async\" width=\"1024\" height=\"767\" src=\"http:\/\/www.ulkoilutankameraa.fi\/blog\/wp-content\/uploads\/2020\/08\/DJI_0628.jpg\" alt=\"\" class=\"wp-image-5735\" srcset=\"https:\/\/www.ulkoilutankameraa.fi\/blog\/wp-content\/uploads\/2020\/08\/DJI_0628.jpg 1024w, https:\/\/www.ulkoilutankameraa.fi\/blog\/wp-content\/uploads\/2020\/08\/DJI_0628-325x243.jpg 325w, https:\/\/www.ulkoilutankameraa.fi\/blog\/wp-content\/uploads\/2020\/08\/DJI_0628-150x112.jpg 150w, https:\/\/www.ulkoilutankameraa.fi\/blog\/wp-content\/uploads\/2020\/08\/DJI_0628-904x677.jpg 904w\" sizes=\"auto, (max-width: 1024px) 100vw, 1024px\" \/><\/figure>\n\n\n\n<figure class=\"wp-block-image size-large\"><img loading=\"lazy\" decoding=\"async\" width=\"1024\" height=\"767\" src=\"http:\/\/www.ulkoilutankameraa.fi\/blog\/wp-content\/uploads\/2020\/08\/DJI_0632.jpg\" alt=\"\" class=\"wp-image-5736\" srcset=\"https:\/\/www.ulkoilutankameraa.fi\/blog\/wp-content\/uploads\/2020\/08\/DJI_0632.jpg 1024w, https:\/\/www.ulkoilutankameraa.fi\/blog\/wp-content\/uploads\/2020\/08\/DJI_0632-325x243.jpg 325w, https:\/\/www.ulkoilutankameraa.fi\/blog\/wp-content\/uploads\/2020\/08\/DJI_0632-150x112.jpg 150w, https:\/\/www.ulkoilutankameraa.fi\/blog\/wp-content\/uploads\/2020\/08\/DJI_0632-904x677.jpg 904w\" sizes=\"auto, (max-width: 1024px) 100vw, 1024px\" \/><\/figure>\n","protected":false},"excerpt":{"rendered":"<p>Kaivoin pitk\u00e4st\u00e4 aikaa kopterin ja menin suolle. V\u00e4h\u00e4n aikaa r\u00e4pelletty\u00e4, muistin miten se laitetaan p\u00e4\u00e4lle. My\u00f6hemmin muistin, miten kuvia otetaan &#8211; kai. Kuvat olivat aluksia ihan plattuja. Aivan kuin jonkun likaisen suodattimen l\u00e4pi kuvattuja. Aikansa kun niit\u00e4 r\u00e4pl\u00e4sin, niin niist\u00e4 tuli t\u00e4llaisia. J\u00e4lkimm\u00e4inen voisi olla jostain meren tai j\u00e4rven pohjasta tai makrokuva kivest\u00e4. Hyv\u00e4 niin, [&hellip;]<\/p>\n","protected":false},"author":1,"featured_media":0,"comment_status":"open","ping_status":"open","sticky":false,"template":"","format":"standard","meta":{"footnotes":""},"categories":[1],"tags":[230,194,219,212],"class_list":["post-5741","post","type-post","status-publish","format-standard","hentry","category-uncategorized","tag-drone","tag-maisemakuvat","tag-mavic","tag-suo","content-columns-1"],"_links":{"self":[{"href":"https:\/\/www.ulkoilutankameraa.fi\/blog\/index.php?rest_route=\/wp\/v2\/posts\/5741","targetHints":{"allow":["GET"]}}],"collection":[{"href":"https:\/\/www.ulkoilutankameraa.fi\/blog\/index.php?rest_route=\/wp\/v2\/posts"}],"about":[{"href":"https:\/\/www.ulkoilutankameraa.fi\/blog\/index.php?rest_route=\/wp\/v2\/types\/post"}],"author":[{"embeddable":true,"href":"https:\/\/www.ulkoilutankameraa.fi\/blog\/index.php?rest_route=\/wp\/v2\/users\/1"}],"replies":[{"embeddable":true,"href":"https:\/\/www.ulkoilutankameraa.fi\/blog\/index.php?rest_route=%2Fwp%2Fv2%2Fcomments&post=5741"}],"version-history":[{"count":2,"href":"https:\/\/www.ulkoilutankameraa.fi\/blog\/index.php?rest_route=\/wp\/v2\/posts\/5741\/revisions"}],"predecessor-version":[{"id":5743,"href":"https:\/\/www.ulkoilutankameraa.fi\/blog\/index.php?rest_route=\/wp\/v2\/posts\/5741\/revisions\/5743"}],"wp:attachment":[{"href":"https:\/\/www.ulkoilutankameraa.fi\/blog\/index.php?rest_route=%2Fwp%2Fv2%2Fmedia&parent=5741"}],"wp:term":[{"taxonomy":"category","embeddable":true,"href":"https:\/\/www.ulkoilutankameraa.fi\/blog\/index.php?rest_route=%2Fwp%2Fv2%2Fcategories&post=5741"},{"taxonomy":"post_tag","embeddable":true,"href":"https:\/\/www.ulkoilutankameraa.fi\/blog\/index.php?rest_route=%2Fwp%2Fv2%2Ftags&post=5741"}],"curies":[{"name":"wp","href":"https:\/\/api.w.org\/{rel}","templated":true}]}}