{"id":5746,"date":"2020-08-17T21:07:57","date_gmt":"2020-08-17T18:07:57","guid":{"rendered":"http:\/\/www.ulkoilutankameraa.fi\/blog\/?p=5746"},"modified":"2020-08-17T21:07:58","modified_gmt":"2020-08-17T18:07:58","slug":"mahdoton-tehtava","status":"publish","type":"post","link":"https:\/\/www.ulkoilutankameraa.fi\/blog\/?p=5746","title":{"rendered":"Mahdoton teht\u00e4v\u00e4"},"content":{"rendered":"\n<p>Kaikki alkoi jo kauan sitten. Saloon alettiin rakentaa uutta j\u00e4tevoimalaa. Lenkkipolun varrella, er\u00e4\u00e4n\u00e4 p\u00e4iv\u00e4n\u00e4 huomasin, ett\u00e4 mets\u00e4n takana pilkotti nosturi. Sitten nousi savupiippu. Halusin kuvan, miss\u00e4 on etualan hakkuuaukio ja mets\u00e4n takaa nousee j\u00e4tevoimalan piippu. Eik\u00e4 kun toteuttamaan. No eih\u00e4n se onnistunut ei sellaista polttov\u00e4li\u00e4 ollutkaan. Kun menin l\u00e4hemm\u00e4s, menin samalla alemmas ja piippu h\u00e4visi n\u00e4kyvist\u00e4. Olisi siis pit\u00e4nyt menn\u00e4 samalla korkeammalla. Onhan mulla drooni. Ne sen polttov\u00e4li taas on niin laaja, ett\u00e4 pit\u00e4isi lent\u00e4\u00e4 laitoksen viereen. Visio ei siis toiminut. J\u00e4tet\u00e4\u00e4n t\u00e4h\u00e4n. (Paitsi DJI:lla on sekin versio, miss\u00e4 on pidempi putki, hmmm&#8230; \u00c4lk\u00e4\u00e4 hullua yllytt\u00e4k\u00f6.)<\/p>\n\n\n\n<figure class=\"wp-block-image size-large\"><img loading=\"lazy\" decoding=\"async\" width=\"1024\" height=\"767\" src=\"http:\/\/www.ulkoilutankameraa.fi\/blog\/wp-content\/uploads\/2020\/08\/DJI_0646.jpg\" alt=\"\" class=\"wp-image-5745\" srcset=\"https:\/\/www.ulkoilutankameraa.fi\/blog\/wp-content\/uploads\/2020\/08\/DJI_0646.jpg 1024w, https:\/\/www.ulkoilutankameraa.fi\/blog\/wp-content\/uploads\/2020\/08\/DJI_0646-325x243.jpg 325w, https:\/\/www.ulkoilutankameraa.fi\/blog\/wp-content\/uploads\/2020\/08\/DJI_0646-150x112.jpg 150w, https:\/\/www.ulkoilutankameraa.fi\/blog\/wp-content\/uploads\/2020\/08\/DJI_0646-904x677.jpg 904w\" sizes=\"auto, (max-width: 1024px) 100vw, 1024px\" \/><\/figure>\n","protected":false},"excerpt":{"rendered":"<p>Kaikki alkoi jo kauan sitten. Saloon alettiin rakentaa uutta j\u00e4tevoimalaa. Lenkkipolun varrella, er\u00e4\u00e4n\u00e4 p\u00e4iv\u00e4n\u00e4 huomasin, ett\u00e4 mets\u00e4n takana pilkotti nosturi. Sitten nousi savupiippu. Halusin kuvan, miss\u00e4 on etualan hakkuuaukio ja mets\u00e4n takaa nousee j\u00e4tevoimalan piippu. Eik\u00e4 kun toteuttamaan. No eih\u00e4n se onnistunut ei sellaista polttov\u00e4li\u00e4 ollutkaan. Kun menin l\u00e4hemm\u00e4s, menin samalla alemmas ja piippu h\u00e4visi [&hellip;]<\/p>\n","protected":false},"author":1,"featured_media":0,"comment_status":"open","ping_status":"open","sticky":false,"template":"","format":"standard","meta":{"footnotes":""},"categories":[1],"tags":[194,219,17],"class_list":["post-5746","post","type-post","status-publish","format-standard","hentry","category-uncategorized","tag-maisemakuvat","tag-mavic","tag-salo","content-columns-1"],"_links":{"self":[{"href":"https:\/\/www.ulkoilutankameraa.fi\/blog\/index.php?rest_route=\/wp\/v2\/posts\/5746","targetHints":{"allow":["GET"]}}],"collection":[{"href":"https:\/\/www.ulkoilutankameraa.fi\/blog\/index.php?rest_route=\/wp\/v2\/posts"}],"about":[{"href":"https:\/\/www.ulkoilutankameraa.fi\/blog\/index.php?rest_route=\/wp\/v2\/types\/post"}],"author":[{"embeddable":true,"href":"https:\/\/www.ulkoilutankameraa.fi\/blog\/index.php?rest_route=\/wp\/v2\/users\/1"}],"replies":[{"embeddable":true,"href":"https:\/\/www.ulkoilutankameraa.fi\/blog\/index.php?rest_route=%2Fwp%2Fv2%2Fcomments&post=5746"}],"version-history":[{"count":1,"href":"https:\/\/www.ulkoilutankameraa.fi\/blog\/index.php?rest_route=\/wp\/v2\/posts\/5746\/revisions"}],"predecessor-version":[{"id":5747,"href":"https:\/\/www.ulkoilutankameraa.fi\/blog\/index.php?rest_route=\/wp\/v2\/posts\/5746\/revisions\/5747"}],"wp:attachment":[{"href":"https:\/\/www.ulkoilutankameraa.fi\/blog\/index.php?rest_route=%2Fwp%2Fv2%2Fmedia&parent=5746"}],"wp:term":[{"taxonomy":"category","embeddable":true,"href":"https:\/\/www.ulkoilutankameraa.fi\/blog\/index.php?rest_route=%2Fwp%2Fv2%2Fcategories&post=5746"},{"taxonomy":"post_tag","embeddable":true,"href":"https:\/\/www.ulkoilutankameraa.fi\/blog\/index.php?rest_route=%2Fwp%2Fv2%2Ftags&post=5746"}],"curies":[{"name":"wp","href":"https:\/\/api.w.org\/{rel}","templated":true}]}}