{"id":5756,"date":"2020-08-22T16:18:58","date_gmt":"2020-08-22T13:18:58","guid":{"rendered":"http:\/\/www.ulkoilutankameraa.fi\/blog\/?p=5756"},"modified":"2020-08-22T16:19:00","modified_gmt":"2020-08-22T13:19:00","slug":"taivashaikailuja","status":"publish","type":"post","link":"https:\/\/www.ulkoilutankameraa.fi\/blog\/?p=5756","title":{"rendered":"Taivashaikailuja"},"content":{"rendered":"\n<p>Ihminen on luotu haaveilemaan lent\u00e4misest\u00e4, uskoisin. Lempipaikalla olen, kopteri 57 metri\u00e4 korkeammalla. Ollaan taas siin\u00e4 kohtaa vuotta, ett\u00e4 hirvi\u00f6k\u00e4rp\u00e4set ovat kuoriutuneet ja v\u00e4ijyv\u00e4t puiden oksilla. Voisikin h\u00f6nki\u00e4 57 metrin korkeudessa ja ker\u00e4t\u00e4 sieni\u00e4 ja puolukoita 57 metri\u00e4 pitkill\u00e4 k\u00e4sill\u00e4. Eilenkin pelkk\u00e4, vain 20 k\u00e4rp\u00e4sen nyppinen vaatteista ja hiuksista aiheutti ep\u00e4miellytt\u00e4v\u00e4n psykologisen reaktion. Puremia en viel\u00e4 saanut. <\/p>\n\n\n\n<p>Paikka tosin houkuttelisi, jos viel\u00e4 yhden auringonlaskukuvan k\u00e4visi ottamassa. <\/p>\n\n\n\n<figure class=\"wp-block-image size-large\"><img loading=\"lazy\" decoding=\"async\" width=\"1024\" height=\"767\" src=\"http:\/\/www.ulkoilutankameraa.fi\/blog\/wp-content\/uploads\/2020\/08\/DJI_0671.jpg\" alt=\"\" class=\"wp-image-5755\" srcset=\"https:\/\/www.ulkoilutankameraa.fi\/blog\/wp-content\/uploads\/2020\/08\/DJI_0671.jpg 1024w, https:\/\/www.ulkoilutankameraa.fi\/blog\/wp-content\/uploads\/2020\/08\/DJI_0671-325x243.jpg 325w, https:\/\/www.ulkoilutankameraa.fi\/blog\/wp-content\/uploads\/2020\/08\/DJI_0671-150x112.jpg 150w, https:\/\/www.ulkoilutankameraa.fi\/blog\/wp-content\/uploads\/2020\/08\/DJI_0671-904x677.jpg 904w\" sizes=\"auto, (max-width: 1024px) 100vw, 1024px\" \/><\/figure>\n","protected":false},"excerpt":{"rendered":"<p>Ihminen on luotu haaveilemaan lent\u00e4misest\u00e4, uskoisin. Lempipaikalla olen, kopteri 57 metri\u00e4 korkeammalla. Ollaan taas siin\u00e4 kohtaa vuotta, ett\u00e4 hirvi\u00f6k\u00e4rp\u00e4set ovat kuoriutuneet ja v\u00e4ijyv\u00e4t puiden oksilla. Voisikin h\u00f6nki\u00e4 57 metrin korkeudessa ja ker\u00e4t\u00e4 sieni\u00e4 ja puolukoita 57 metri\u00e4 pitkill\u00e4 k\u00e4sill\u00e4. Eilenkin pelkk\u00e4, vain 20 k\u00e4rp\u00e4sen nyppinen vaatteista ja hiuksista aiheutti ep\u00e4miellytt\u00e4v\u00e4n psykologisen reaktion. Puremia en viel\u00e4 [&hellip;]<\/p>\n","protected":false},"author":1,"featured_media":0,"comment_status":"open","ping_status":"open","sticky":false,"template":"","format":"standard","meta":{"footnotes":""},"categories":[1],"tags":[194,219],"class_list":["post-5756","post","type-post","status-publish","format-standard","hentry","category-uncategorized","tag-maisemakuvat","tag-mavic","content-columns-1"],"_links":{"self":[{"href":"https:\/\/www.ulkoilutankameraa.fi\/blog\/index.php?rest_route=\/wp\/v2\/posts\/5756","targetHints":{"allow":["GET"]}}],"collection":[{"href":"https:\/\/www.ulkoilutankameraa.fi\/blog\/index.php?rest_route=\/wp\/v2\/posts"}],"about":[{"href":"https:\/\/www.ulkoilutankameraa.fi\/blog\/index.php?rest_route=\/wp\/v2\/types\/post"}],"author":[{"embeddable":true,"href":"https:\/\/www.ulkoilutankameraa.fi\/blog\/index.php?rest_route=\/wp\/v2\/users\/1"}],"replies":[{"embeddable":true,"href":"https:\/\/www.ulkoilutankameraa.fi\/blog\/index.php?rest_route=%2Fwp%2Fv2%2Fcomments&post=5756"}],"version-history":[{"count":1,"href":"https:\/\/www.ulkoilutankameraa.fi\/blog\/index.php?rest_route=\/wp\/v2\/posts\/5756\/revisions"}],"predecessor-version":[{"id":5757,"href":"https:\/\/www.ulkoilutankameraa.fi\/blog\/index.php?rest_route=\/wp\/v2\/posts\/5756\/revisions\/5757"}],"wp:attachment":[{"href":"https:\/\/www.ulkoilutankameraa.fi\/blog\/index.php?rest_route=%2Fwp%2Fv2%2Fmedia&parent=5756"}],"wp:term":[{"taxonomy":"category","embeddable":true,"href":"https:\/\/www.ulkoilutankameraa.fi\/blog\/index.php?rest_route=%2Fwp%2Fv2%2Fcategories&post=5756"},{"taxonomy":"post_tag","embeddable":true,"href":"https:\/\/www.ulkoilutankameraa.fi\/blog\/index.php?rest_route=%2Fwp%2Fv2%2Ftags&post=5756"}],"curies":[{"name":"wp","href":"https:\/\/api.w.org\/{rel}","templated":true}]}}