{"id":5764,"date":"2020-08-31T14:49:00","date_gmt":"2020-08-31T11:49:00","guid":{"rendered":"http:\/\/www.ulkoilutankameraa.fi\/blog\/?p=5764"},"modified":"2020-08-30T15:51:08","modified_gmt":"2020-08-30T12:51:08","slug":"kalustopaivitys-benq-pd2700q","status":"publish","type":"post","link":"https:\/\/www.ulkoilutankameraa.fi\/blog\/?p=5764","title":{"rendered":"Kalustop\u00e4ivitys Benq PD2700Q"},"content":{"rendered":"\n<p>En muista kuinka monta vuotta olen ollut vaihtamassa n\u00e4ytt\u00f6\u00e4 ja ennen t\u00e4t\u00e4 mentiiin ihan surkealla Lenovon toimiston\u00e4yt\u00f6ll\u00e4.<\/p>\n\n\n\n<p>Paljon t\u00e4t\u00e4 netiss\u00e4 kehutaan, sielt\u00e4 voi lukea. Olen samaa mielt\u00e4, ett\u00e4 on hyv\u00e4 &#8211; ainakin hintaisekseen. On ter\u00e4v\u00e4, v\u00e4rit hyv\u00e4t suoraan paketista, ei valovuotoja. Enk\u00e4 meinaa viel\u00e4 kalibroidakaan. Huonoa on, ett\u00e4 kaapelit olisivat voineet olla pidempi\u00e4, ei ole lataavia USB-paikkoja, niit\u00e4 olisi voinut olla enemm\u00e4nkin eik\u00e4 t\u00e4ss\u00e4 mallissa ei ole kortinlukijaa, toisin kuin 32:ssa. T\u00e4m\u00e4 ei ole 4K, koska 2K riitt\u00e4\u00e4, mutta olisiko sittenkin pit\u00e4nyt ottaa 32 tuumainen. <\/p>\n\n\n\n<p>T\u00e4rkeimp\u00e4n\u00e4 pyyd\u00e4n kuitenkin kiinnitt\u00e4m\u00e4\u00e4n huomiota pariin juttuun.<\/p>\n\n\n\n<p>Miksi tarvitaan isoja n\u00e4ytt\u00f6j\u00e4 jos kuvat katsotaan pienist\u00e4 n\u00e4yt\u00f6ist\u00e4? Eih\u00e4n t\u00e4ss\u00e4 ole mitt\u00e4\u00e4 j\u00e4rke\u00e4. Ruudussa kuva sen kokoisena kuin se on Xiaomi Mi 9SE:n n\u00e4yt\u00f6ll\u00e4. Niit\u00e4 mahtuisi tuohon n\u00e4ytt\u00f6\u00f6n 70 kpl. Kohta kukaan ei en\u00e4\u00e4 tulosta eik\u00e4 pid\u00e4 n\u00e4yttelyj\u00e4 ja n\u00e4yttelytkin ovat varmaan vaan taidekuvia ja oravia.  <\/p>\n\n\n\n<p>Toinen juttu on, ett\u00e4 pit\u00e4\u00e4k\u00f6 aina ostaa netist\u00e4. Paljon puhutaan paikallisten tukemisesta ja min\u00e4h\u00e4n tuin. Hyllyss\u00e4 ei ollut, mutta nykyisin systeemi menee niin, ett\u00e4 kaikki tavara on tukkureilla ja sielt\u00e4 kauppa sitten tilaa mit\u00e4 asiakas haluaa. Sanottakoon, ett\u00e4 joku raja tukemisessakin on, en min\u00e4 mit\u00e4\u00e4n ylim\u00e4\u00e4r\u00e4isi\u00e4 Salo-lisi\u00e4 ala maksaa. Enk\u00e4 maksanut nytk\u00e4\u00e4n. Erikoista oli, ett\u00e4 jossain vaiheessa t\u00e4m\u00e4 n\u00e4ytt\u00f6 oli halvimmallaan 309 euroa, myyj\u00e4n\u00e4 Superkuva.  #supportlocal<\/p>\n\n\n\n<figure class=\"wp-block-image size-large\"><img loading=\"lazy\" decoding=\"async\" width=\"768\" height=\"1024\" src=\"http:\/\/www.ulkoilutankameraa.fi\/blog\/wp-content\/uploads\/2020\/08\/IMG_20200830_150217.jpg\" alt=\"\" class=\"wp-image-5762\" srcset=\"https:\/\/www.ulkoilutankameraa.fi\/blog\/wp-content\/uploads\/2020\/08\/IMG_20200830_150217.jpg 768w, https:\/\/www.ulkoilutankameraa.fi\/blog\/wp-content\/uploads\/2020\/08\/IMG_20200830_150217-325x433.jpg 325w, https:\/\/www.ulkoilutankameraa.fi\/blog\/wp-content\/uploads\/2020\/08\/IMG_20200830_150217-113x150.jpg 113w, https:\/\/www.ulkoilutankameraa.fi\/blog\/wp-content\/uploads\/2020\/08\/IMG_20200830_150217-678x904.jpg 678w\" sizes=\"auto, (max-width: 768px) 100vw, 768px\" \/><\/figure>\n\n\n\n<p>Kolmas asia on, ett\u00e4 hyv\u00e4ll\u00e4 n\u00e4yt\u00f6ll\u00e4 huonotkin oravakuvat muuttuvat kohtalaisiksi.<\/p>\n\n\n\n<figure class=\"wp-block-image size-large\"><img loading=\"lazy\" decoding=\"async\" width=\"1024\" height=\"768\" src=\"http:\/\/www.ulkoilutankameraa.fi\/blog\/wp-content\/uploads\/2020\/08\/P8294170.jpg\" alt=\"\" class=\"wp-image-5763\" srcset=\"https:\/\/www.ulkoilutankameraa.fi\/blog\/wp-content\/uploads\/2020\/08\/P8294170.jpg 1024w, https:\/\/www.ulkoilutankameraa.fi\/blog\/wp-content\/uploads\/2020\/08\/P8294170-325x244.jpg 325w, https:\/\/www.ulkoilutankameraa.fi\/blog\/wp-content\/uploads\/2020\/08\/P8294170-150x113.jpg 150w, https:\/\/www.ulkoilutankameraa.fi\/blog\/wp-content\/uploads\/2020\/08\/P8294170-904x678.jpg 904w\" sizes=\"auto, (max-width: 1024px) 100vw, 1024px\" \/><\/figure>\n","protected":false},"excerpt":{"rendered":"<p>En muista kuinka monta vuotta olen ollut vaihtamassa n\u00e4ytt\u00f6\u00e4 ja ennen t\u00e4t\u00e4 mentiiin ihan surkealla Lenovon toimiston\u00e4yt\u00f6ll\u00e4. Paljon t\u00e4t\u00e4 netiss\u00e4 kehutaan, sielt\u00e4 voi lukea. Olen samaa mielt\u00e4, ett\u00e4 on hyv\u00e4 &#8211; ainakin hintaisekseen. On ter\u00e4v\u00e4, v\u00e4rit hyv\u00e4t suoraan paketista, ei valovuotoja. Enk\u00e4 meinaa viel\u00e4 kalibroidakaan. Huonoa on, ett\u00e4 kaapelit olisivat voineet olla pidempi\u00e4, ei ole [&hellip;]<\/p>\n","protected":false},"author":1,"featured_media":0,"comment_status":"open","ping_status":"open","sticky":false,"template":"","format":"standard","meta":{"footnotes":""},"categories":[1],"tags":[117,231],"class_list":["post-5764","post","type-post","status-publish","format-standard","hentry","category-uncategorized","tag-gear","tag-kalusto","content-columns-1"],"_links":{"self":[{"href":"https:\/\/www.ulkoilutankameraa.fi\/blog\/index.php?rest_route=\/wp\/v2\/posts\/5764","targetHints":{"allow":["GET"]}}],"collection":[{"href":"https:\/\/www.ulkoilutankameraa.fi\/blog\/index.php?rest_route=\/wp\/v2\/posts"}],"about":[{"href":"https:\/\/www.ulkoilutankameraa.fi\/blog\/index.php?rest_route=\/wp\/v2\/types\/post"}],"author":[{"embeddable":true,"href":"https:\/\/www.ulkoilutankameraa.fi\/blog\/index.php?rest_route=\/wp\/v2\/users\/1"}],"replies":[{"embeddable":true,"href":"https:\/\/www.ulkoilutankameraa.fi\/blog\/index.php?rest_route=%2Fwp%2Fv2%2Fcomments&post=5764"}],"version-history":[{"count":1,"href":"https:\/\/www.ulkoilutankameraa.fi\/blog\/index.php?rest_route=\/wp\/v2\/posts\/5764\/revisions"}],"predecessor-version":[{"id":5765,"href":"https:\/\/www.ulkoilutankameraa.fi\/blog\/index.php?rest_route=\/wp\/v2\/posts\/5764\/revisions\/5765"}],"wp:attachment":[{"href":"https:\/\/www.ulkoilutankameraa.fi\/blog\/index.php?rest_route=%2Fwp%2Fv2%2Fmedia&parent=5764"}],"wp:term":[{"taxonomy":"category","embeddable":true,"href":"https:\/\/www.ulkoilutankameraa.fi\/blog\/index.php?rest_route=%2Fwp%2Fv2%2Fcategories&post=5764"},{"taxonomy":"post_tag","embeddable":true,"href":"https:\/\/www.ulkoilutankameraa.fi\/blog\/index.php?rest_route=%2Fwp%2Fv2%2Ftags&post=5764"}],"curies":[{"name":"wp","href":"https:\/\/api.w.org\/{rel}","templated":true}]}}