{"id":5963,"date":"2021-07-21T21:58:51","date_gmt":"2021-07-21T18:58:51","guid":{"rendered":"http:\/\/www.ulkoilutankameraa.fi\/blog\/?p=5963"},"modified":"2021-07-21T21:58:52","modified_gmt":"2021-07-21T18:58:52","slug":"metsassa-lennolla","status":"publish","type":"post","link":"https:\/\/www.ulkoilutankameraa.fi\/blog\/?p=5963","title":{"rendered":"Mets\u00e4ss\u00e4 lennolla"},"content":{"rendered":"<p>Tunsin itseni v\u00e4syneeksi, enk\u00e4 jaksanut l\u00e4hte\u00e4 py\u00f6r\u00e4ilem\u00e4\u00e4n, niin l\u00e4hdin pariksi tunniksi mets\u00e4\u00e4n k\u00e4velylle ja lentelem\u00e4\u00e4n. Tied\u00e4n, ett\u00e4 on \u00e4\u00e4rimm\u00e4isen typer\u00e4\u00e4 menn\u00e4 mets\u00e4\u00e4n &#8211; varsinkin tuuliseen &#8211; lenn\u00e4tt\u00e4m\u00e4\u00e4n uutta dronea. Menin kuitenkin. Oudon vaikeaa arvioida ihan sit\u00e4kin, miss\u00e4 on vapaa pystysuora tila nousta.<\/p>\n<p>Paljon n\u00e4kee awsome kuvia metsist\u00e4 ylh\u00e4\u00e4lt\u00e4 p\u00e4in. Mets\u00e4 sis\u00e4lt\u00e4 on enemm\u00e4n mets\u00e4n n\u00e4k\u00f6inen. N\u00e4kee my\u00f6s sen, ett\u00e4 siell\u00e4 miss\u00e4 on valoa on my\u00f6s varjoja.<\/p>\n<p>\u00a0<\/p>\n\n\n<figure class=\"wp-block-image size-large\"><img loading=\"lazy\" decoding=\"async\" width=\"1024\" height=\"682\" src=\"http:\/\/www.ulkoilutankameraa.fi\/blog\/wp-content\/uploads\/2021\/07\/DJI_0048.jpg\" alt=\"\" class=\"wp-image-5961\" srcset=\"https:\/\/www.ulkoilutankameraa.fi\/blog\/wp-content\/uploads\/2021\/07\/DJI_0048.jpg 1024w, https:\/\/www.ulkoilutankameraa.fi\/blog\/wp-content\/uploads\/2021\/07\/DJI_0048-325x216.jpg 325w, https:\/\/www.ulkoilutankameraa.fi\/blog\/wp-content\/uploads\/2021\/07\/DJI_0048-150x100.jpg 150w, https:\/\/www.ulkoilutankameraa.fi\/blog\/wp-content\/uploads\/2021\/07\/DJI_0048-904x602.jpg 904w\" sizes=\"auto, (max-width: 1024px) 100vw, 1024px\" \/><\/figure>\n\n\n\n<figure class=\"wp-block-image size-large\"><img loading=\"lazy\" decoding=\"async\" width=\"1024\" height=\"682\" src=\"http:\/\/www.ulkoilutankameraa.fi\/blog\/wp-content\/uploads\/2021\/07\/DJI_0054.jpg\" alt=\"\" class=\"wp-image-5962\" srcset=\"https:\/\/www.ulkoilutankameraa.fi\/blog\/wp-content\/uploads\/2021\/07\/DJI_0054.jpg 1024w, https:\/\/www.ulkoilutankameraa.fi\/blog\/wp-content\/uploads\/2021\/07\/DJI_0054-325x216.jpg 325w, https:\/\/www.ulkoilutankameraa.fi\/blog\/wp-content\/uploads\/2021\/07\/DJI_0054-150x100.jpg 150w, https:\/\/www.ulkoilutankameraa.fi\/blog\/wp-content\/uploads\/2021\/07\/DJI_0054-904x602.jpg 904w\" sizes=\"auto, (max-width: 1024px) 100vw, 1024px\" \/><\/figure>\n\n\n\n<p><\/p>\n","protected":false},"excerpt":{"rendered":"<p>Tunsin itseni v\u00e4syneeksi, enk\u00e4 jaksanut l\u00e4hte\u00e4 py\u00f6r\u00e4ilem\u00e4\u00e4n, niin l\u00e4hdin pariksi tunniksi mets\u00e4\u00e4n k\u00e4velylle ja lentelem\u00e4\u00e4n. Tied\u00e4n, ett\u00e4 on \u00e4\u00e4rimm\u00e4isen typer\u00e4\u00e4 menn\u00e4 mets\u00e4\u00e4n &#8211; varsinkin tuuliseen &#8211; lenn\u00e4tt\u00e4m\u00e4\u00e4n uutta dronea. Menin kuitenkin. Oudon vaikeaa arvioida ihan sit\u00e4kin, miss\u00e4 on vapaa pystysuora tila nousta. Paljon n\u00e4kee awsome kuvia metsist\u00e4 ylh\u00e4\u00e4lt\u00e4 p\u00e4in. Mets\u00e4 sis\u00e4lt\u00e4 on enemm\u00e4n mets\u00e4n n\u00e4k\u00f6inen. [&hellip;]<\/p>\n","protected":false},"author":1,"featured_media":0,"comment_status":"open","ping_status":"open","sticky":false,"template":"","format":"standard","meta":{"footnotes":""},"categories":[1],"tags":[],"class_list":["post-5963","post","type-post","status-publish","format-standard","hentry","category-uncategorized","content-columns-1"],"_links":{"self":[{"href":"https:\/\/www.ulkoilutankameraa.fi\/blog\/index.php?rest_route=\/wp\/v2\/posts\/5963","targetHints":{"allow":["GET"]}}],"collection":[{"href":"https:\/\/www.ulkoilutankameraa.fi\/blog\/index.php?rest_route=\/wp\/v2\/posts"}],"about":[{"href":"https:\/\/www.ulkoilutankameraa.fi\/blog\/index.php?rest_route=\/wp\/v2\/types\/post"}],"author":[{"embeddable":true,"href":"https:\/\/www.ulkoilutankameraa.fi\/blog\/index.php?rest_route=\/wp\/v2\/users\/1"}],"replies":[{"embeddable":true,"href":"https:\/\/www.ulkoilutankameraa.fi\/blog\/index.php?rest_route=%2Fwp%2Fv2%2Fcomments&post=5963"}],"version-history":[{"count":1,"href":"https:\/\/www.ulkoilutankameraa.fi\/blog\/index.php?rest_route=\/wp\/v2\/posts\/5963\/revisions"}],"predecessor-version":[{"id":5964,"href":"https:\/\/www.ulkoilutankameraa.fi\/blog\/index.php?rest_route=\/wp\/v2\/posts\/5963\/revisions\/5964"}],"wp:attachment":[{"href":"https:\/\/www.ulkoilutankameraa.fi\/blog\/index.php?rest_route=%2Fwp%2Fv2%2Fmedia&parent=5963"}],"wp:term":[{"taxonomy":"category","embeddable":true,"href":"https:\/\/www.ulkoilutankameraa.fi\/blog\/index.php?rest_route=%2Fwp%2Fv2%2Fcategories&post=5963"},{"taxonomy":"post_tag","embeddable":true,"href":"https:\/\/www.ulkoilutankameraa.fi\/blog\/index.php?rest_route=%2Fwp%2Fv2%2Ftags&post=5963"}],"curies":[{"name":"wp","href":"https:\/\/api.w.org\/{rel}","templated":true}]}}