{"id":5967,"date":"2021-07-24T18:04:00","date_gmt":"2021-07-24T15:04:00","guid":{"rendered":"http:\/\/www.ulkoilutankameraa.fi\/blog\/?p=5967"},"modified":"2021-07-24T18:04:01","modified_gmt":"2021-07-24T15:04:01","slug":"taysikuu","status":"publish","type":"post","link":"https:\/\/www.ulkoilutankameraa.fi\/blog\/?p=5967","title":{"rendered":"T\u00e4ysikuu"},"content":{"rendered":"<p>Hoh hoijaa kun on tyls\u00e4\u00e4 kun pit\u00e4\u00e4 kuuta kuvata. Jotain siin\u00e4 kuitenkin on. Eik\u00e4 t\u00e4ysikuuta p\u00e4\u00e4se kuitenkaan yritt\u00e4m\u00e4\u00e4n kuin noin keskim\u00e4\u00e4rin 12 kertaa vuodessa.<\/p>\n<p>Tavallisella kameralla dynamiikka jotenkin riitt\u00e4\u00e4 nousevan kuun ja maiseman saamiseen jotenkin valotettuna. Lightroomilla avustettuna.<\/p>\n<p><a href=\"http:\/\/www.ulkoilutankameraa.fi\/blog\/wp-content\/uploads\/2021\/07\/P7235427.jpg\"><img loading=\"lazy\" decoding=\"async\" class=\"size-full wp-image-5966\" src=\"http:\/\/www.ulkoilutankameraa.fi\/blog\/wp-content\/uploads\/2021\/07\/P7235427.jpg\" alt=\"\" width=\"819\" height=\"1024\" srcset=\"https:\/\/www.ulkoilutankameraa.fi\/blog\/wp-content\/uploads\/2021\/07\/P7235427.jpg 819w, https:\/\/www.ulkoilutankameraa.fi\/blog\/wp-content\/uploads\/2021\/07\/P7235427-325x406.jpg 325w, https:\/\/www.ulkoilutankameraa.fi\/blog\/wp-content\/uploads\/2021\/07\/P7235427-120x150.jpg 120w, https:\/\/www.ulkoilutankameraa.fi\/blog\/wp-content\/uploads\/2021\/07\/P7235427-723x904.jpg 723w\" sizes=\"auto, (max-width: 819px) 100vw, 819px\" \/><\/a><\/p>\n\n\n<p>Kopterilla taas kuu menee auttamattomasti puhki. Muuten olen todella yll\u00e4ttynyt j\u00e4ljest\u00e4 &#8211; ainakin t\u00e4ss\u00e4 koossa. Kopterina DJI Air 2s.<\/p>\n\n\n\n<figure class=\"wp-block-image size-large\"><img loading=\"lazy\" decoding=\"async\" width=\"1024\" height=\"682\" src=\"http:\/\/www.ulkoilutankameraa.fi\/blog\/wp-content\/uploads\/2021\/07\/DJI_0072.jpg\" alt=\"\" class=\"wp-image-5965\" srcset=\"https:\/\/www.ulkoilutankameraa.fi\/blog\/wp-content\/uploads\/2021\/07\/DJI_0072.jpg 1024w, https:\/\/www.ulkoilutankameraa.fi\/blog\/wp-content\/uploads\/2021\/07\/DJI_0072-325x216.jpg 325w, https:\/\/www.ulkoilutankameraa.fi\/blog\/wp-content\/uploads\/2021\/07\/DJI_0072-150x100.jpg 150w, https:\/\/www.ulkoilutankameraa.fi\/blog\/wp-content\/uploads\/2021\/07\/DJI_0072-904x602.jpg 904w\" sizes=\"auto, (max-width: 1024px) 100vw, 1024px\" \/><\/figure>\n\n\n\n<p>Tuo ensimm\u00e4isess\u00e4 kuvassa ole v\u00e4rik\u00e4s lato on maalattu Sobekcis nimimerkin toimesta Upeart Festival 2019 aikana.<\/p>\n","protected":false},"excerpt":{"rendered":"<p>Hoh hoijaa kun on tyls\u00e4\u00e4 kun pit\u00e4\u00e4 kuuta kuvata. Jotain siin\u00e4 kuitenkin on. Eik\u00e4 t\u00e4ysikuuta p\u00e4\u00e4se kuitenkaan yritt\u00e4m\u00e4\u00e4n kuin noin keskim\u00e4\u00e4rin 12 kertaa vuodessa. Tavallisella kameralla dynamiikka jotenkin riitt\u00e4\u00e4 nousevan kuun ja maiseman saamiseen jotenkin valotettuna. Lightroomilla avustettuna. Kopterilla taas kuu menee auttamattomasti puhki. Muuten olen todella yll\u00e4ttynyt j\u00e4ljest\u00e4 &#8211; ainakin t\u00e4ss\u00e4 koossa. Kopterina DJI [&hellip;]<\/p>\n","protected":false},"author":1,"featured_media":0,"comment_status":"open","ping_status":"open","sticky":false,"template":"","format":"standard","meta":{"footnotes":""},"categories":[1],"tags":[],"class_list":["post-5967","post","type-post","status-publish","format-standard","hentry","category-uncategorized","content-columns-1"],"_links":{"self":[{"href":"https:\/\/www.ulkoilutankameraa.fi\/blog\/index.php?rest_route=\/wp\/v2\/posts\/5967","targetHints":{"allow":["GET"]}}],"collection":[{"href":"https:\/\/www.ulkoilutankameraa.fi\/blog\/index.php?rest_route=\/wp\/v2\/posts"}],"about":[{"href":"https:\/\/www.ulkoilutankameraa.fi\/blog\/index.php?rest_route=\/wp\/v2\/types\/post"}],"author":[{"embeddable":true,"href":"https:\/\/www.ulkoilutankameraa.fi\/blog\/index.php?rest_route=\/wp\/v2\/users\/1"}],"replies":[{"embeddable":true,"href":"https:\/\/www.ulkoilutankameraa.fi\/blog\/index.php?rest_route=%2Fwp%2Fv2%2Fcomments&post=5967"}],"version-history":[{"count":2,"href":"https:\/\/www.ulkoilutankameraa.fi\/blog\/index.php?rest_route=\/wp\/v2\/posts\/5967\/revisions"}],"predecessor-version":[{"id":5969,"href":"https:\/\/www.ulkoilutankameraa.fi\/blog\/index.php?rest_route=\/wp\/v2\/posts\/5967\/revisions\/5969"}],"wp:attachment":[{"href":"https:\/\/www.ulkoilutankameraa.fi\/blog\/index.php?rest_route=%2Fwp%2Fv2%2Fmedia&parent=5967"}],"wp:term":[{"taxonomy":"category","embeddable":true,"href":"https:\/\/www.ulkoilutankameraa.fi\/blog\/index.php?rest_route=%2Fwp%2Fv2%2Fcategories&post=5967"},{"taxonomy":"post_tag","embeddable":true,"href":"https:\/\/www.ulkoilutankameraa.fi\/blog\/index.php?rest_route=%2Fwp%2Fv2%2Ftags&post=5967"}],"curies":[{"name":"wp","href":"https:\/\/api.w.org\/{rel}","templated":true}]}}