{"id":6471,"date":"2022-06-14T18:59:00","date_gmt":"2022-06-14T15:59:00","guid":{"rendered":"https:\/\/www.ulkoilutankameraa.fi\/blog\/?p=6471"},"modified":"2022-07-10T11:16:22","modified_gmt":"2022-07-10T08:16:22","slug":"korennot-2022","status":"publish","type":"post","link":"https:\/\/www.ulkoilutankameraa.fi\/blog\/?p=6471","title":{"rendered":"Korennot 2022 osa 1 #1 &#8211; #2"},"content":{"rendered":"\n<p>Edellisen kerran kun k\u00e4vin suolla, n\u00e4in t\u00e4m\u00e4n vuoden ensimm\u00e4iset korennot. Mitt\u00e4\u00e4n tuntenu, ehtinyt tarkentaa, enk\u00e4 seurata. Heitinp\u00e4 siin\u00e4 sitten itselleni leikkimielisen haasteen, ett\u00e4 otapa kymmenen korentokuvaa t\u00e4n\u00e4 vuonna. Kymmenen erilaista, joista tunnistaa ja jos ei meinaa tulla kymment\u00e4, niin saa olla taidekuviakin ja ellei tule niill\u00e4k\u00e4\u00e4n, niin k\u00e4vytkin kelpaavat. <\/p>\n\n\n\n<p>Olikin vaikeampaa kuin muistin. Edellisest\u00e4 tavoitteellisemmasta sessiosta olikin jo aikaa. Ilta oli l\u00e4mmin, kova tuuli ja otuksilla energiaa ihan kylliksi ja todella arkoja. Makrolla ei ollut n\u00e4iss\u00e4 speleiss\u00e4 mit\u00e4\u00e4n tekoa. N\u00e4iden kahden lis\u00e4ksi n\u00e4in yhden pienen ja yhden ison sinisen. Niist\u00e4 ei enemp\u00e4\u00e4.<\/p>\n\n\n\n<p>Aloitetaan n\u00e4ill\u00e4 kahdella (aika surkeita, vaihdan jos tulee parempia):<\/p>\n\n\n\n<p>#1 Isolampikorento (siipien kylkisuonet keltaiset)<\/p>\n\n\n\n<p>#2 Ruskohukankorento<\/p>\n\n\n\n<figure class=\"wp-block-image size-full\"><img loading=\"lazy\" decoding=\"async\" width=\"1024\" height=\"819\" src=\"https:\/\/www.ulkoilutankameraa.fi\/blog\/wp-content\/uploads\/2022\/06\/P6127238.jpg\" alt=\"\" class=\"wp-image-6466\" srcset=\"https:\/\/www.ulkoilutankameraa.fi\/blog\/wp-content\/uploads\/2022\/06\/P6127238.jpg 1024w, https:\/\/www.ulkoilutankameraa.fi\/blog\/wp-content\/uploads\/2022\/06\/P6127238-325x260.jpg 325w, https:\/\/www.ulkoilutankameraa.fi\/blog\/wp-content\/uploads\/2022\/06\/P6127238-150x120.jpg 150w, https:\/\/www.ulkoilutankameraa.fi\/blog\/wp-content\/uploads\/2022\/06\/P6127238-904x723.jpg 904w\" sizes=\"auto, (max-width: 1024px) 100vw, 1024px\" \/><\/figure>\n\n\n\n<figure class=\"wp-block-image size-full\"><img loading=\"lazy\" decoding=\"async\" width=\"1024\" height=\"819\" src=\"https:\/\/www.ulkoilutankameraa.fi\/blog\/wp-content\/uploads\/2022\/06\/P6127232.jpg\" alt=\"\" class=\"wp-image-6465\" srcset=\"https:\/\/www.ulkoilutankameraa.fi\/blog\/wp-content\/uploads\/2022\/06\/P6127232.jpg 1024w, https:\/\/www.ulkoilutankameraa.fi\/blog\/wp-content\/uploads\/2022\/06\/P6127232-325x260.jpg 325w, https:\/\/www.ulkoilutankameraa.fi\/blog\/wp-content\/uploads\/2022\/06\/P6127232-150x120.jpg 150w, https:\/\/www.ulkoilutankameraa.fi\/blog\/wp-content\/uploads\/2022\/06\/P6127232-904x723.jpg 904w\" sizes=\"auto, (max-width: 1024px) 100vw, 1024px\" \/><\/figure>\n","protected":false},"excerpt":{"rendered":"<p>Edellisen kerran kun k\u00e4vin suolla, n\u00e4in t\u00e4m\u00e4n vuoden ensimm\u00e4iset korennot. Mitt\u00e4\u00e4n tuntenu, ehtinyt tarkentaa, enk\u00e4 seurata. Heitinp\u00e4 siin\u00e4 sitten itselleni leikkimielisen haasteen, ett\u00e4 otapa kymmenen korentokuvaa t\u00e4n\u00e4 vuonna. Kymmenen erilaista, joista tunnistaa ja jos ei meinaa tulla kymment\u00e4, niin saa olla taidekuviakin ja ellei tule niill\u00e4k\u00e4\u00e4n, niin k\u00e4vytkin kelpaavat. Olikin vaikeampaa kuin muistin. Edellisest\u00e4 tavoitteellisemmasta [&hellip;]<\/p>\n","protected":false},"author":1,"featured_media":0,"comment_status":"open","ping_status":"open","sticky":false,"template":"","format":"standard","meta":{"footnotes":""},"categories":[1],"tags":[32],"class_list":["post-6471","post","type-post","status-publish","format-standard","hentry","category-uncategorized","tag-korennot","content-columns-1"],"_links":{"self":[{"href":"https:\/\/www.ulkoilutankameraa.fi\/blog\/index.php?rest_route=\/wp\/v2\/posts\/6471","targetHints":{"allow":["GET"]}}],"collection":[{"href":"https:\/\/www.ulkoilutankameraa.fi\/blog\/index.php?rest_route=\/wp\/v2\/posts"}],"about":[{"href":"https:\/\/www.ulkoilutankameraa.fi\/blog\/index.php?rest_route=\/wp\/v2\/types\/post"}],"author":[{"embeddable":true,"href":"https:\/\/www.ulkoilutankameraa.fi\/blog\/index.php?rest_route=\/wp\/v2\/users\/1"}],"replies":[{"embeddable":true,"href":"https:\/\/www.ulkoilutankameraa.fi\/blog\/index.php?rest_route=%2Fwp%2Fv2%2Fcomments&post=6471"}],"version-history":[{"count":2,"href":"https:\/\/www.ulkoilutankameraa.fi\/blog\/index.php?rest_route=\/wp\/v2\/posts\/6471\/revisions"}],"predecessor-version":[{"id":6518,"href":"https:\/\/www.ulkoilutankameraa.fi\/blog\/index.php?rest_route=\/wp\/v2\/posts\/6471\/revisions\/6518"}],"wp:attachment":[{"href":"https:\/\/www.ulkoilutankameraa.fi\/blog\/index.php?rest_route=%2Fwp%2Fv2%2Fmedia&parent=6471"}],"wp:term":[{"taxonomy":"category","embeddable":true,"href":"https:\/\/www.ulkoilutankameraa.fi\/blog\/index.php?rest_route=%2Fwp%2Fv2%2Fcategories&post=6471"},{"taxonomy":"post_tag","embeddable":true,"href":"https:\/\/www.ulkoilutankameraa.fi\/blog\/index.php?rest_route=%2Fwp%2Fv2%2Ftags&post=6471"}],"curies":[{"name":"wp","href":"https:\/\/api.w.org\/{rel}","templated":true}]}}