{"id":6664,"date":"2022-08-31T20:30:00","date_gmt":"2022-08-31T17:30:00","guid":{"rendered":"https:\/\/www.ulkoilutankameraa.fi\/blog\/?p=6664"},"modified":"2022-08-30T21:28:51","modified_gmt":"2022-08-30T18:28:51","slug":"iltasuolla","status":"publish","type":"post","link":"https:\/\/www.ulkoilutankameraa.fi\/blog\/?p=6664","title":{"rendered":"Iltasuolla"},"content":{"rendered":"\n<p>Alkaa suo-otsikot k\u00e4yd\u00e4 v\u00e4hiin, suosittu aihe minulla. Ihminen on onnellisimmillaan suolla tai suon laidalla.   T\u00e4m\u00e4n totesi jo kauan sitten Lucius Annaeus Seneca teoksessaan De vita beata &#8211; Onnellisesta el\u00e4m\u00e4st\u00e4. <\/p>\n\n\n\n<p>Olla luonnon rauhassa auringon laskiessa, syksy alkaa tuntua s\u00e4\u00e4ss\u00e4, ensimm\u00e4iset hirvik\u00e4rp\u00e4set, hanhien t\u00f6\u00f6tt\u00e4ykset, kurkih\u00e4ss\u00e4kk\u00e4 kr\u00f6hisee, puolukat, juolukat, mustikat maistuvat. Vois sanoa, ett\u00e4 la dolce vita. <\/p>\n\n\n\n<figure class=\"wp-block-image size-full\"><img loading=\"lazy\" decoding=\"async\" width=\"1080\" height=\"720\" src=\"https:\/\/www.ulkoilutankameraa.fi\/blog\/wp-content\/uploads\/2022\/08\/DSCF0739.jpg\" alt=\"\" class=\"wp-image-6661\" srcset=\"https:\/\/www.ulkoilutankameraa.fi\/blog\/wp-content\/uploads\/2022\/08\/DSCF0739.jpg 1080w, https:\/\/www.ulkoilutankameraa.fi\/blog\/wp-content\/uploads\/2022\/08\/DSCF0739-325x217.jpg 325w, https:\/\/www.ulkoilutankameraa.fi\/blog\/wp-content\/uploads\/2022\/08\/DSCF0739-150x100.jpg 150w, https:\/\/www.ulkoilutankameraa.fi\/blog\/wp-content\/uploads\/2022\/08\/DSCF0739-904x603.jpg 904w\" sizes=\"auto, (max-width: 1080px) 100vw, 1080px\" \/><\/figure>\n\n\n\n<p> <\/p>\n\n\n\n<figure class=\"wp-block-image size-full\"><img loading=\"lazy\" decoding=\"async\" width=\"1080\" height=\"720\" src=\"https:\/\/www.ulkoilutankameraa.fi\/blog\/wp-content\/uploads\/2022\/08\/DSCF0759.jpg\" alt=\"\" class=\"wp-image-6662\" srcset=\"https:\/\/www.ulkoilutankameraa.fi\/blog\/wp-content\/uploads\/2022\/08\/DSCF0759.jpg 1080w, https:\/\/www.ulkoilutankameraa.fi\/blog\/wp-content\/uploads\/2022\/08\/DSCF0759-325x217.jpg 325w, https:\/\/www.ulkoilutankameraa.fi\/blog\/wp-content\/uploads\/2022\/08\/DSCF0759-150x100.jpg 150w, https:\/\/www.ulkoilutankameraa.fi\/blog\/wp-content\/uploads\/2022\/08\/DSCF0759-904x603.jpg 904w\" sizes=\"auto, (max-width: 1080px) 100vw, 1080px\" \/><\/figure>\n\n\n\n<figure class=\"wp-block-image size-full\"><img loading=\"lazy\" decoding=\"async\" width=\"1080\" height=\"720\" src=\"https:\/\/www.ulkoilutankameraa.fi\/blog\/wp-content\/uploads\/2022\/08\/DSCF0776.jpg\" alt=\"\" class=\"wp-image-6663\" srcset=\"https:\/\/www.ulkoilutankameraa.fi\/blog\/wp-content\/uploads\/2022\/08\/DSCF0776.jpg 1080w, https:\/\/www.ulkoilutankameraa.fi\/blog\/wp-content\/uploads\/2022\/08\/DSCF0776-325x217.jpg 325w, https:\/\/www.ulkoilutankameraa.fi\/blog\/wp-content\/uploads\/2022\/08\/DSCF0776-150x100.jpg 150w, https:\/\/www.ulkoilutankameraa.fi\/blog\/wp-content\/uploads\/2022\/08\/DSCF0776-904x603.jpg 904w\" sizes=\"auto, (max-width: 1080px) 100vw, 1080px\" \/><\/figure>\n","protected":false},"excerpt":{"rendered":"<p>Alkaa suo-otsikot k\u00e4yd\u00e4 v\u00e4hiin, suosittu aihe minulla. Ihminen on onnellisimmillaan suolla tai suon laidalla. T\u00e4m\u00e4n totesi jo kauan sitten Lucius Annaeus Seneca teoksessaan De vita beata &#8211; Onnellisesta el\u00e4m\u00e4st\u00e4. Olla luonnon rauhassa auringon laskiessa, syksy alkaa tuntua s\u00e4\u00e4ss\u00e4, ensimm\u00e4iset hirvik\u00e4rp\u00e4set, hanhien t\u00f6\u00f6tt\u00e4ykset, kurkih\u00e4ss\u00e4kk\u00e4 kr\u00f6hisee, puolukat, juolukat, mustikat maistuvat. Vois sanoa, ett\u00e4 la dolce vita.<\/p>\n","protected":false},"author":1,"featured_media":0,"comment_status":"open","ping_status":"open","sticky":false,"template":"","format":"standard","meta":{"footnotes":""},"categories":[1],"tags":[212,41],"class_list":["post-6664","post","type-post","status-publish","format-standard","hentry","category-uncategorized","tag-suo","tag-teijo","content-columns-1"],"_links":{"self":[{"href":"https:\/\/www.ulkoilutankameraa.fi\/blog\/index.php?rest_route=\/wp\/v2\/posts\/6664","targetHints":{"allow":["GET"]}}],"collection":[{"href":"https:\/\/www.ulkoilutankameraa.fi\/blog\/index.php?rest_route=\/wp\/v2\/posts"}],"about":[{"href":"https:\/\/www.ulkoilutankameraa.fi\/blog\/index.php?rest_route=\/wp\/v2\/types\/post"}],"author":[{"embeddable":true,"href":"https:\/\/www.ulkoilutankameraa.fi\/blog\/index.php?rest_route=\/wp\/v2\/users\/1"}],"replies":[{"embeddable":true,"href":"https:\/\/www.ulkoilutankameraa.fi\/blog\/index.php?rest_route=%2Fwp%2Fv2%2Fcomments&post=6664"}],"version-history":[{"count":1,"href":"https:\/\/www.ulkoilutankameraa.fi\/blog\/index.php?rest_route=\/wp\/v2\/posts\/6664\/revisions"}],"predecessor-version":[{"id":6665,"href":"https:\/\/www.ulkoilutankameraa.fi\/blog\/index.php?rest_route=\/wp\/v2\/posts\/6664\/revisions\/6665"}],"wp:attachment":[{"href":"https:\/\/www.ulkoilutankameraa.fi\/blog\/index.php?rest_route=%2Fwp%2Fv2%2Fmedia&parent=6664"}],"wp:term":[{"taxonomy":"category","embeddable":true,"href":"https:\/\/www.ulkoilutankameraa.fi\/blog\/index.php?rest_route=%2Fwp%2Fv2%2Fcategories&post=6664"},{"taxonomy":"post_tag","embeddable":true,"href":"https:\/\/www.ulkoilutankameraa.fi\/blog\/index.php?rest_route=%2Fwp%2Fv2%2Ftags&post=6664"}],"curies":[{"name":"wp","href":"https:\/\/api.w.org\/{rel}","templated":true}]}}