{"id":6687,"date":"2022-09-08T19:10:00","date_gmt":"2022-09-08T16:10:00","guid":{"rendered":"https:\/\/www.ulkoilutankameraa.fi\/blog\/?p=6687"},"modified":"2022-09-06T19:17:46","modified_gmt":"2022-09-06T16:17:46","slug":"bongaa-otava","status":"publish","type":"post","link":"https:\/\/www.ulkoilutankameraa.fi\/blog\/?p=6687","title":{"rendered":"Bongaa Otava"},"content":{"rendered":"\n<p>Otavan toiseksi viimeinen t\u00e4hti on kaksoist\u00e4hti. Muistan lukeneeni, ett\u00e4 se oli ennen jonkinlainen n\u00e4k\u00f6testi. Yksi ilta sitten katselin Otavaa ja totesin n\u00e4k\u00f6ni huonontuneen, kunnes huomasin, ett\u00e4 se olikin muisti joka huononi. Katsoin v\u00e4\u00e4r\u00e4\u00e4 t\u00e4hte\u00e4. Kyll\u00e4 se siell\u00e4 on ja kuvasta voi tarkastaa. On kyll\u00e4 sellaista piperryst\u00e4, ett\u00e4 onnea vaan. <\/p>\n\n\n\n<p>En aina oikein ymm\u00e4rr\u00e4 niit\u00e4 t\u00e4htikuvien per\u00e4\u00e4n huokailijoita ja ihailijoita. Luonnossa kaikki on hienompaa. Vaikka tuota kuvaa tuijottaisi miten, ei siit\u00e4 selvi\u00e4 taivaan syvyys, \u00e4\u00e4rett\u00f6myys ja suuruus. Vaikka miten tuijottaisi ei n\u00e4kyviin tule uusia t\u00e4hti\u00e4. Omaa pienuuttaankaan ei ymm\u00e4rr\u00e4.<\/p>\n\n\n\n<figure class=\"wp-block-image size-full\"><img loading=\"lazy\" decoding=\"async\" width=\"1080\" height=\"720\" src=\"https:\/\/www.ulkoilutankameraa.fi\/blog\/wp-content\/uploads\/2022\/09\/DSCF0882.jpg\" alt=\"\" class=\"wp-image-6685\" srcset=\"https:\/\/www.ulkoilutankameraa.fi\/blog\/wp-content\/uploads\/2022\/09\/DSCF0882.jpg 1080w, https:\/\/www.ulkoilutankameraa.fi\/blog\/wp-content\/uploads\/2022\/09\/DSCF0882-325x217.jpg 325w, https:\/\/www.ulkoilutankameraa.fi\/blog\/wp-content\/uploads\/2022\/09\/DSCF0882-150x100.jpg 150w, https:\/\/www.ulkoilutankameraa.fi\/blog\/wp-content\/uploads\/2022\/09\/DSCF0882-904x603.jpg 904w\" sizes=\"auto, (max-width: 1080px) 100vw, 1080px\" \/><\/figure>\n","protected":false},"excerpt":{"rendered":"<p>Otavan toiseksi viimeinen t\u00e4hti on kaksoist\u00e4hti. Muistan lukeneeni, ett\u00e4 se oli ennen jonkinlainen n\u00e4k\u00f6testi. Yksi ilta sitten katselin Otavaa ja totesin n\u00e4k\u00f6ni huonontuneen, kunnes huomasin, ett\u00e4 se olikin muisti joka huononi. Katsoin v\u00e4\u00e4r\u00e4\u00e4 t\u00e4hte\u00e4. Kyll\u00e4 se siell\u00e4 on ja kuvasta voi tarkastaa. On kyll\u00e4 sellaista piperryst\u00e4, ett\u00e4 onnea vaan. En aina oikein ymm\u00e4rr\u00e4 niit\u00e4 t\u00e4htikuvien [&hellip;]<\/p>\n","protected":false},"author":1,"featured_media":0,"comment_status":"open","ping_status":"open","sticky":false,"template":"","format":"standard","meta":{"footnotes":""},"categories":[1],"tags":[226],"class_list":["post-6687","post","type-post","status-publish","format-standard","hentry","category-uncategorized","tag-tahtitaivas","content-columns-1"],"_links":{"self":[{"href":"https:\/\/www.ulkoilutankameraa.fi\/blog\/index.php?rest_route=\/wp\/v2\/posts\/6687","targetHints":{"allow":["GET"]}}],"collection":[{"href":"https:\/\/www.ulkoilutankameraa.fi\/blog\/index.php?rest_route=\/wp\/v2\/posts"}],"about":[{"href":"https:\/\/www.ulkoilutankameraa.fi\/blog\/index.php?rest_route=\/wp\/v2\/types\/post"}],"author":[{"embeddable":true,"href":"https:\/\/www.ulkoilutankameraa.fi\/blog\/index.php?rest_route=\/wp\/v2\/users\/1"}],"replies":[{"embeddable":true,"href":"https:\/\/www.ulkoilutankameraa.fi\/blog\/index.php?rest_route=%2Fwp%2Fv2%2Fcomments&post=6687"}],"version-history":[{"count":1,"href":"https:\/\/www.ulkoilutankameraa.fi\/blog\/index.php?rest_route=\/wp\/v2\/posts\/6687\/revisions"}],"predecessor-version":[{"id":6688,"href":"https:\/\/www.ulkoilutankameraa.fi\/blog\/index.php?rest_route=\/wp\/v2\/posts\/6687\/revisions\/6688"}],"wp:attachment":[{"href":"https:\/\/www.ulkoilutankameraa.fi\/blog\/index.php?rest_route=%2Fwp%2Fv2%2Fmedia&parent=6687"}],"wp:term":[{"taxonomy":"category","embeddable":true,"href":"https:\/\/www.ulkoilutankameraa.fi\/blog\/index.php?rest_route=%2Fwp%2Fv2%2Fcategories&post=6687"},{"taxonomy":"post_tag","embeddable":true,"href":"https:\/\/www.ulkoilutankameraa.fi\/blog\/index.php?rest_route=%2Fwp%2Fv2%2Ftags&post=6687"}],"curies":[{"name":"wp","href":"https:\/\/api.w.org\/{rel}","templated":true}]}}